{"id":6385,"date":"2020-03-26T12:45:48","date_gmt":"2020-03-26T11:45:48","guid":{"rendered":"https:\/\/www.ticmais.pt\/?p=6385"},"modified":"2020-03-26T12:47:49","modified_gmt":"2020-03-26T11:47:49","slug":"ordem-dos-biologos-lanca-bolsa-de-voluntarios-para-testes-ao-covid-19","status":"publish","type":"post","link":"https:\/\/www.ticmais.pt\/?p=6385","title":{"rendered":"Ordem dos Bi\u00f3logos lan\u00e7a bolsa de volunt\u00e1rios para testes ao Covid-19"},"content":{"rendered":"<p><img decoding=\"async\" class=\"alignleft\" src=\"https:\/\/www.ticmais.pt\/ticmais\/imagens\/OrdemdosBilogoslanabolsadevoluntriosparatestesaoCovid-19.jpg\" \/><\/p>\n<p style=\"text-align: justify;\">A Ordem dos Bi\u00f3logos lan\u00e7ou um repto encabe\u00e7ado pelo baston\u00e1rio Jos\u00e9 Matos com vista ao recrutamento de volunt\u00e1rios com conhecimentos t\u00e9cnicos na prepara\u00e7\u00e3o de reagentes qu\u00edmicos para os diferentes laborat\u00f3rios do Pa\u00eds que est\u00e3o encarregues de analisar resultados de testes a suspeitos de cont\u00e1gio de Covid-19. <a href=\"https:\/\/visao.sapo.pt\/exameinformatica\/noticias-ei\/mercados\/2020-03-26-ordem-dos-biologos-lanca-bolsa-de-voluntarios-para-testes-ao-covid-19\/\">Mais&#8230;<\/a><\/p>\n<p>&nbsp;<\/p>\n","protected":false},"excerpt":{"rendered":"<p>A Ordem dos Bi\u00f3logos lan\u00e7ou um repto encabe\u00e7ado pelo baston\u00e1rio Jos\u00e9 Matos com vista ao recrutamento de volunt\u00e1rios com conhecimentos t\u00e9cnicos na prepara\u00e7\u00e3o de reagentes qu\u00edmicos para os diferentes laborat\u00f3rios do Pa\u00eds que est\u00e3o encarregues de analisar resultados de testes a suspeitos de cont\u00e1gio de Covid-19. Mais&#8230; &nbsp;<\/p>\n","protected":false},"author":1,"featured_media":0,"comment_status":"closed","ping_status":"closed","sticky":false,"template":"","format":"standard","meta":{"footnotes":""},"categories":[15],"tags":[3848,3904],"class_list":["post-6385","post","type-post","status-publish","format-standard","hentry","category-tic-mais","tag-covid-19","tag-ordem-dos-biologos"],"_links":{"self":[{"href":"https:\/\/www.ticmais.pt\/index.php?rest_route=\/wp\/v2\/posts\/6385","targetHints":{"allow":["GET"]}}],"collection":[{"href":"https:\/\/www.ticmais.pt\/index.php?rest_route=\/wp\/v2\/posts"}],"about":[{"href":"https:\/\/www.ticmais.pt\/index.php?rest_route=\/wp\/v2\/types\/post"}],"author":[{"embeddable":true,"href":"https:\/\/www.ticmais.pt\/index.php?rest_route=\/wp\/v2\/users\/1"}],"replies":[{"embeddable":true,"href":"https:\/\/www.ticmais.pt\/index.php?rest_route=%2Fwp%2Fv2%2Fcomments&post=6385"}],"version-history":[{"count":0,"href":"https:\/\/www.ticmais.pt\/index.php?rest_route=\/wp\/v2\/posts\/6385\/revisions"}],"wp:attachment":[{"href":"https:\/\/www.ticmais.pt\/index.php?rest_route=%2Fwp%2Fv2%2Fmedia&parent=6385"}],"wp:term":[{"taxonomy":"category","embeddable":true,"href":"https:\/\/www.ticmais.pt\/index.php?rest_route=%2Fwp%2Fv2%2Fcategories&post=6385"},{"taxonomy":"post_tag","embeddable":true,"href":"https:\/\/www.ticmais.pt\/index.php?rest_route=%2Fwp%2Fv2%2Ftags&post=6385"}],"curies":[{"name":"wp","href":"https:\/\/api.w.org\/{rel}","templated":true}]}}