{"id":6398,"date":"2020-03-30T15:41:55","date_gmt":"2020-03-30T14:41:55","guid":{"rendered":"https:\/\/www.ticmais.pt\/?p=6398"},"modified":"2020-03-30T15:48:12","modified_gmt":"2020-03-30T14:48:12","slug":"covid-19-viseiras-de-protecao-criadas-por-makers-ja-sao-fabricadas-em-serie-em-leiria","status":"publish","type":"post","link":"https:\/\/www.ticmais.pt\/?p=6398","title":{"rendered":"Covid-19: Viseiras de prote\u00e7\u00e3o criadas por makers j\u00e1 s\u00e3o fabricadas em s\u00e9rie em Leiria"},"content":{"rendered":"<p><img decoding=\"async\" class=\"alignleft\" src=\"https:\/\/www.ticmais.pt\/ticmais\/imagens\/Covid-19ViseirasdeproteocriadaspormakersjsofabricadasemsrieemLeiria.jpg\" \/><\/p>\n<p style=\"text-align: justify;\">As viseiras desenvolvidas pelos <em>makers<\/em> nacionais, que come\u00e7aram por ser impressas em 3D, j\u00e1 est\u00e3o a ser produzidas industrialmente gra\u00e7as \u00e0 colabora\u00e7\u00e3o entre diferentes profissionais e empresas. <a href=\"https:\/\/visao.sapo.pt\/exameinformatica\/2020-03-30-covid-19-viseiras-de-protecao-criadas-por-makers-ja-sao-fabricadas-em-serie-em-leiria\/\">Mais&#8230;<\/a><\/p>\n","protected":false},"excerpt":{"rendered":"<p>As viseiras desenvolvidas pelos makers nacionais, que come\u00e7aram por ser impressas em 3D, j\u00e1 est\u00e3o a ser produzidas industrialmente gra\u00e7as \u00e0 colabora\u00e7\u00e3o entre diferentes profissionais e empresas. Mais&#8230;<\/p>\n","protected":false},"author":1,"featured_media":0,"comment_status":"closed","ping_status":"closed","sticky":false,"template":"","format":"standard","meta":{"footnotes":""},"categories":[15],"tags":[3920,3923,3848,3839,3919,3924,3926,3921,3918,132,3925,3922,3907],"class_list":["post-6398","post","type-post","status-publish","format-standard","hentry","category-tic-mais","tag-3d-prusa","tag-bruno-horta","tag-covid-19","tag-impressao-3d","tag-leiria","tag-luis-tavares","tag-movimento-maker-portugal","tag-open-source","tag-plastidom","tag-portugal","tag-sergio-martins","tag-vangest","tag-viseiras"],"_links":{"self":[{"href":"https:\/\/www.ticmais.pt\/index.php?rest_route=\/wp\/v2\/posts\/6398","targetHints":{"allow":["GET"]}}],"collection":[{"href":"https:\/\/www.ticmais.pt\/index.php?rest_route=\/wp\/v2\/posts"}],"about":[{"href":"https:\/\/www.ticmais.pt\/index.php?rest_route=\/wp\/v2\/types\/post"}],"author":[{"embeddable":true,"href":"https:\/\/www.ticmais.pt\/index.php?rest_route=\/wp\/v2\/users\/1"}],"replies":[{"embeddable":true,"href":"https:\/\/www.ticmais.pt\/index.php?rest_route=%2Fwp%2Fv2%2Fcomments&post=6398"}],"version-history":[{"count":0,"href":"https:\/\/www.ticmais.pt\/index.php?rest_route=\/wp\/v2\/posts\/6398\/revisions"}],"wp:attachment":[{"href":"https:\/\/www.ticmais.pt\/index.php?rest_route=%2Fwp%2Fv2%2Fmedia&parent=6398"}],"wp:term":[{"taxonomy":"category","embeddable":true,"href":"https:\/\/www.ticmais.pt\/index.php?rest_route=%2Fwp%2Fv2%2Fcategories&post=6398"},{"taxonomy":"post_tag","embeddable":true,"href":"https:\/\/www.ticmais.pt\/index.php?rest_route=%2Fwp%2Fv2%2Ftags&post=6398"}],"curies":[{"name":"wp","href":"https:\/\/api.w.org\/{rel}","templated":true}]}}