{"id":6401,"date":"2020-03-31T00:10:59","date_gmt":"2020-03-30T23:10:59","guid":{"rendered":"https:\/\/www.ticmais.pt\/?p=6401"},"modified":"2020-03-31T02:05:47","modified_gmt":"2020-03-31T01:05:47","slug":"aguas-do-ribatejo-aprova-medidas-de-apoio-no-ambito-da-covid-19","status":"publish","type":"post","link":"https:\/\/www.ticmais.pt\/?p=6401","title":{"rendered":"\u00c1guas do Ribatejo aprova medidas de apoio no \u00e2mbito da Covid-19"},"content":{"rendered":"<p><img decoding=\"async\" class=\"alignleft\" src=\"https:\/\/www.ticmais.pt\/ticmais\/imagens\/GUASDORIBATEJOAPROVAMEDIDASDEAPOIONOVALORDE500.000EUROS.jpg\" \/><\/p>\n<p style=\"text-align: left;\">A empresa intermunicipal \u00c1guas do Ribatejo aprovou um conjunto de medidas de apoio, no \u00e2mbito da pandemia da COVID-19. <a href=\"http:\/\/www.aguasdoribatejo.com\/aguas-do-ribatejo-aprova-medidas-de-apoio-no-valor-de-500-000-euros\/\">Mais&#8230;<\/a>\u00a0<u><span style=\"color: #005000;\"><br \/>\n<span style=\"color: #ffffff;\">.<\/span><\/span><\/u><br \/>\n<strong>Not\u00edcias relacionadas:<\/strong><br \/>\n<a href=\"https:\/\/nit.pt\/out-of-town\/back-in-town\/quem-mora-em-montalegre-fica-isento-de-pagar-agua-nos-proximos-meses\">Os moradores de Montalegre n\u00e3o t\u00eam de pagar \u00e1gua nos pr\u00f3ximos meses<\/a><br \/>\n<a href=\"https:\/\/www.publico.pt\/2020\/03\/14\/sociedade\/noticia\/governo-madeira-isenta-populacao-pagamento-agua-luz-devido-surto-covid19-1907761\">Covid-19: Madeira isenta popula\u00e7\u00e3o do pagamento de \u00e1gua e luz<\/a><br \/>\n<a href=\"https:\/\/tvi24.iol.pt\/aominuto\/5e56645d0cf2071930699ff6\/sintra-baixa-fatura-da-agua-e-anuncia-apoios-ao-hospital-amadora-sintra\/5e6f873f0cf2f02ca42e38e0\">Covid-19: Sintra baixa fatura da \u00e1gua<\/a><br \/>\n<a href=\"https:\/\/www.dinheirovivo.pt\/economia\/covid-19-alcochete-vai-reduzir-tarifa-da-agua-por-tempo-indeterminado\/\">Covid-19. Alcochete vai reduzir tarifa da \u00e1gua por tempo indeterminado<\/a><\/p>\n","protected":false},"excerpt":{"rendered":"<p>A empresa intermunicipal \u00c1guas do Ribatejo aprovou um conjunto de medidas de apoio, no \u00e2mbito da pandemia da COVID-19. Mais&#8230;\u00a0 . Not\u00edcias relacionadas: Os moradores de Montalegre n\u00e3o t\u00eam de pagar \u00e1gua nos pr\u00f3ximos meses Covid-19: Madeira isenta popula\u00e7\u00e3o do pagamento de \u00e1gua e luz Covid-19: Sintra baixa fatura da \u00e1gua Covid-19. Alcochete vai reduzir [&hellip;]<\/p>\n","protected":false},"author":1,"featured_media":0,"comment_status":"closed","ping_status":"closed","sticky":false,"template":"","format":"standard","meta":{"footnotes":""},"categories":[15],"tags":[3928,51,172,3848,3932,3931,12,3930],"class_list":["post-6401","post","type-post","status-publish","format-standard","hentry","category-tic-mais","tag-aguas-do-ribatejo","tag-alcochete","tag-apoios","tag-covid-19","tag-madeira","tag-montalegre","tag-municipios","tag-sintra"],"_links":{"self":[{"href":"https:\/\/www.ticmais.pt\/index.php?rest_route=\/wp\/v2\/posts\/6401","targetHints":{"allow":["GET"]}}],"collection":[{"href":"https:\/\/www.ticmais.pt\/index.php?rest_route=\/wp\/v2\/posts"}],"about":[{"href":"https:\/\/www.ticmais.pt\/index.php?rest_route=\/wp\/v2\/types\/post"}],"author":[{"embeddable":true,"href":"https:\/\/www.ticmais.pt\/index.php?rest_route=\/wp\/v2\/users\/1"}],"replies":[{"embeddable":true,"href":"https:\/\/www.ticmais.pt\/index.php?rest_route=%2Fwp%2Fv2%2Fcomments&post=6401"}],"version-history":[{"count":0,"href":"https:\/\/www.ticmais.pt\/index.php?rest_route=\/wp\/v2\/posts\/6401\/revisions"}],"wp:attachment":[{"href":"https:\/\/www.ticmais.pt\/index.php?rest_route=%2Fwp%2Fv2%2Fmedia&parent=6401"}],"wp:term":[{"taxonomy":"category","embeddable":true,"href":"https:\/\/www.ticmais.pt\/index.php?rest_route=%2Fwp%2Fv2%2Fcategories&post=6401"},{"taxonomy":"post_tag","embeddable":true,"href":"https:\/\/www.ticmais.pt\/index.php?rest_route=%2Fwp%2Fv2%2Ftags&post=6401"}],"curies":[{"name":"wp","href":"https:\/\/api.w.org\/{rel}","templated":true}]}}