{"id":6404,"date":"2020-03-31T20:36:35","date_gmt":"2020-03-31T19:36:35","guid":{"rendered":"https:\/\/www.ticmais.pt\/?p=6404"},"modified":"2020-03-31T20:36:35","modified_gmt":"2020-03-31T19:36:35","slug":"e-urgente-envolver-os-adultos-mais-velhos-nas-mudancas-das-tecnologias-de-informacao","status":"publish","type":"post","link":"https:\/\/www.ticmais.pt\/?p=6404","title":{"rendered":"\u00c9 urgente envolver os adultos mais velhos nas mudan\u00e7as das tecnologias de informa\u00e7\u00e3o"},"content":{"rendered":"<p><img decoding=\"async\" class=\"alignleft\" src=\"https:\/\/www.ticmais.pt\/ticmais\/imagens\/urgenteenvolverosadultosmaisvelhosnasmudanasdastecnologiasdeinformao.jpg\" \/><\/p>\n<div style=\"text-align: justify;\"><span>Estamos fascinados com as oportunidades dos avan\u00e7os das tecnologias de informa\u00e7\u00e3o, o teletrabalho, a comunica\u00e7\u00e3o com os nossos filhos a quil\u00f3metros de dist\u00e2ncia, com a facilidade e rapidez da dissemina\u00e7\u00e3o de informa\u00e7\u00e3o (e, enfim, tamb\u00e9m da desinforma\u00e7\u00e3o).<br \/>\nTodavia, alguns dos nossos pais e av\u00f3s n\u00e3o est\u00e3o preparados para este tipo de comunica\u00e7\u00e3o e estamos a correr o risco de os deixar s\u00f3s, se n\u00e3o os ajudarmos com estas tecnologias. <a href=\"https:\/\/www.jn.pt\/nacional\/e-urgente-envolver-os-adultos-mais-velhos-nas-mudancas-das-tecnologias-de-informacao-12008678.html\">Mais&#8230;<\/a><\/span><\/div>\n","protected":false},"excerpt":{"rendered":"<p>Estamos fascinados com as oportunidades dos avan\u00e7os das tecnologias de informa\u00e7\u00e3o, o teletrabalho, a comunica\u00e7\u00e3o com os nossos filhos a quil\u00f3metros de dist\u00e2ncia, com a facilidade e rapidez da dissemina\u00e7\u00e3o de informa\u00e7\u00e3o (e, enfim, tamb\u00e9m da desinforma\u00e7\u00e3o). Todavia, alguns dos nossos pais e av\u00f3s n\u00e3o est\u00e3o preparados para este tipo de comunica\u00e7\u00e3o e estamos a [&hellip;]<\/p>\n","protected":false},"author":1,"featured_media":0,"comment_status":"closed","ping_status":"closed","sticky":false,"template":"","format":"standard","meta":{"footnotes":""},"categories":[15],"tags":[173,8],"class_list":["post-6404","post","type-post","status-publish","format-standard","hentry","category-tic-mais","tag-idosos","tag-inclusao-digital"],"_links":{"self":[{"href":"https:\/\/www.ticmais.pt\/index.php?rest_route=\/wp\/v2\/posts\/6404","targetHints":{"allow":["GET"]}}],"collection":[{"href":"https:\/\/www.ticmais.pt\/index.php?rest_route=\/wp\/v2\/posts"}],"about":[{"href":"https:\/\/www.ticmais.pt\/index.php?rest_route=\/wp\/v2\/types\/post"}],"author":[{"embeddable":true,"href":"https:\/\/www.ticmais.pt\/index.php?rest_route=\/wp\/v2\/users\/1"}],"replies":[{"embeddable":true,"href":"https:\/\/www.ticmais.pt\/index.php?rest_route=%2Fwp%2Fv2%2Fcomments&post=6404"}],"version-history":[{"count":0,"href":"https:\/\/www.ticmais.pt\/index.php?rest_route=\/wp\/v2\/posts\/6404\/revisions"}],"wp:attachment":[{"href":"https:\/\/www.ticmais.pt\/index.php?rest_route=%2Fwp%2Fv2%2Fmedia&parent=6404"}],"wp:term":[{"taxonomy":"category","embeddable":true,"href":"https:\/\/www.ticmais.pt\/index.php?rest_route=%2Fwp%2Fv2%2Fcategories&post=6404"},{"taxonomy":"post_tag","embeddable":true,"href":"https:\/\/www.ticmais.pt\/index.php?rest_route=%2Fwp%2Fv2%2Ftags&post=6404"}],"curies":[{"name":"wp","href":"https:\/\/api.w.org\/{rel}","templated":true}]}}