{"id":6405,"date":"2020-04-05T15:23:55","date_gmt":"2020-04-05T14:23:55","guid":{"rendered":"https:\/\/www.ticmais.pt\/?p=6405"},"modified":"2020-04-05T15:30:23","modified_gmt":"2020-04-05T14:30:23","slug":"nao-e-a-tecnologia-que-vai-destruir-empregos-e-a-tecnologia-que-vai-permitir-manter-muitos-deles","status":"publish","type":"post","link":"https:\/\/www.ticmais.pt\/?p=6405","title":{"rendered":"\u201cN\u00e3o \u00e9 a tecnologia que vai destruir empregos. \u00c9 a tecnologia que vai permitir manter muitos deles\u201d"},"content":{"rendered":"<p><img decoding=\"async\" class=\"alignleft\" src=\"https:\/\/www.ticmais.pt\/ticmais\/imagens\/Noatecnologiaquevaidestruirempregos.atecnologiaquevaipermitirmantermuitosdeles.jpg\" \/><\/p>\n<div style=\"text-align: justify;\">Na Microsoft Portugal desde 2012, V\u00e2nia Neto, Gestora de Marketing de Educa\u00e7\u00e3o da Microsoft, para a Europa Ocidental, coordenou o Programa Parceiros na Educa\u00e7\u00e3o (Microsoft Partner<span style=\"display: inline !important; float: none; background-color: #ffffff; color: #333333; font-family: Georgia,'Times New Roman','Bitstream Charter',Times,serif; font-size: 16px; font-style: normal; font-variant: normal; font-weight: 400; letter-spacing: normal; orphans: 2; text-align: justify; text-decoration: none; text-indent: 0px; text-transform: none; -webkit-text-stroke-width: 0px; white-space: normal; word-spacing: 0px;\">g<\/span>s in Learnin) que promoveu, entre outras iniciativas, o Programa de Forma\u00e7\u00e3o L\u00edderes Inovadores, uma iniciativa conjunta da Microsoft e do Minist\u00e9rio da Educa\u00e7\u00e3o e Ci\u00eancia e que tem como objectivo essencial preparar os Directores das Escolas para os novos desafios da Educa\u00e7\u00e3o no s\u00e9culo XXI, e o Programa Professores Inovadores, um projecto mundial que destaca os professores que utilizam a tecnologia para transformar o ensino e as suas salas de aula. <a href=\"https:\/\/correiodoribatejo.pt\/nao-e-a-tecnologia-que-vai-destruir-empregos-e-a-tecnologia-que-vai-permitir-manter-muitos-deles\/\">Mais&#8230;<\/a><\/div>\n","protected":false},"excerpt":{"rendered":"<p>Na Microsoft Portugal desde 2012, V\u00e2nia Neto, Gestora de Marketing de Educa\u00e7\u00e3o da Microsoft, para a Europa Ocidental, coordenou o Programa Parceiros na Educa\u00e7\u00e3o (Microsoft Partnergs in Learnin) que promoveu, entre outras iniciativas, o Programa de Forma\u00e7\u00e3o L\u00edderes Inovadores, uma iniciativa conjunta da Microsoft e do Minist\u00e9rio da Educa\u00e7\u00e3o e Ci\u00eancia e que tem como [&hellip;]<\/p>\n","protected":false},"author":1,"featured_media":0,"comment_status":"closed","ping_status":"closed","sticky":false,"template":"","format":"standard","meta":{"footnotes":""},"categories":[15],"tags":[3943,198,3903,438,21,1654,3942,73,3940,3941,132,143,1892,28],"class_list":["post-6405","post","type-post","status-publish","format-standard","hentry","category-tic-mais","tag-directores","tag-educacao","tag-ensino-online","tag-escolas","tag-formacao","tag-inovadores","tag-lideres","tag-microsoft","tag-microsoft-partnergs-in-learnin","tag-ministerio-da-educacao-e-ciencia","tag-portugal","tag-professores","tag-programa","tag-tecnologia"],"_links":{"self":[{"href":"https:\/\/www.ticmais.pt\/index.php?rest_route=\/wp\/v2\/posts\/6405","targetHints":{"allow":["GET"]}}],"collection":[{"href":"https:\/\/www.ticmais.pt\/index.php?rest_route=\/wp\/v2\/posts"}],"about":[{"href":"https:\/\/www.ticmais.pt\/index.php?rest_route=\/wp\/v2\/types\/post"}],"author":[{"embeddable":true,"href":"https:\/\/www.ticmais.pt\/index.php?rest_route=\/wp\/v2\/users\/1"}],"replies":[{"embeddable":true,"href":"https:\/\/www.ticmais.pt\/index.php?rest_route=%2Fwp%2Fv2%2Fcomments&post=6405"}],"version-history":[{"count":0,"href":"https:\/\/www.ticmais.pt\/index.php?rest_route=\/wp\/v2\/posts\/6405\/revisions"}],"wp:attachment":[{"href":"https:\/\/www.ticmais.pt\/index.php?rest_route=%2Fwp%2Fv2%2Fmedia&parent=6405"}],"wp:term":[{"taxonomy":"category","embeddable":true,"href":"https:\/\/www.ticmais.pt\/index.php?rest_route=%2Fwp%2Fv2%2Fcategories&post=6405"},{"taxonomy":"post_tag","embeddable":true,"href":"https:\/\/www.ticmais.pt\/index.php?rest_route=%2Fwp%2Fv2%2Ftags&post=6405"}],"curies":[{"name":"wp","href":"https:\/\/api.w.org\/{rel}","templated":true}]}}