{"id":6407,"date":"2020-04-06T02:48:06","date_gmt":"2020-04-06T01:48:06","guid":{"rendered":"https:\/\/www.ticmais.pt\/?p=6407"},"modified":"2020-04-06T02:48:06","modified_gmt":"2020-04-06T01:48:06","slug":"para-que-serve-e-como-vai-funcionar-a-telescola-as-explicacoes-de-tiago-brandao-rodrigues","status":"publish","type":"post","link":"https:\/\/www.ticmais.pt\/?p=6407","title":{"rendered":"Para que serve e como vai funcionar a telescola? As explica\u00e7\u00f5es de Tiago Brand\u00e3o Rodrigues"},"content":{"rendered":"<p><img decoding=\"async\" class=\"alignleft\" src=\"https:\/\/www.ticmais.pt\/ticmais\/imagens\/ParaqueserveecomovaifuncionaratelescolaAsexplicaesdeTiagoBrandoRodrigues.jpg\" \/><\/p>\n<div style=\"text-align: justify;\"><span>Um velho recurso em plena era digital \u00e9 o que prop\u00f5e o Governo para conseguir que a escola chegue a todos os alunos, tal como aconteceu entre 1965 e 1987, num per\u00edodo em que os professores estavam na televis\u00e3o e os alunos aprendiam \u00e0 dist\u00e2ncia.<br \/>\nApesar de antigo, o ministro da Educa\u00e7\u00e3o, Tiago Brand\u00e3o Rodrigues, chama-o de &#8220;novo recurso educativo&#8221;, que tem como objetivo &#8220;coadjuvar e complementar o trabalho dos docentes&#8221;. Mas de que forma faz sentido uma telescola? <a href=\"https:\/\/expresso.pt\/sociedade\/2020-04-04-Para-que-serve-e-como-vai-funcionar-a-telescola--As-explicacoes-de-Tiago-Brandao-Rodrigues\">Mais&#8230;<\/a><\/span><\/div>\n","protected":false},"excerpt":{"rendered":"<p>Um velho recurso em plena era digital \u00e9 o que prop\u00f5e o Governo para conseguir que a escola chegue a todos os alunos, tal como aconteceu entre 1965 e 1987, num per\u00edodo em que os professores estavam na televis\u00e3o e os alunos aprendiam \u00e0 dist\u00e2ncia. Apesar de antigo, o ministro da Educa\u00e7\u00e3o, Tiago Brand\u00e3o Rodrigues, [&hellip;]<\/p>\n","protected":false},"author":1,"featured_media":0,"comment_status":"closed","ping_status":"closed","sticky":false,"template":"","format":"standard","meta":{"footnotes":""},"categories":[15],"tags":[3848,198,20,3903,3944],"class_list":["post-6407","post","type-post","status-publish","format-standard","hentry","category-tic-mais","tag-covid-19","tag-educacao","tag-ensino","tag-ensino-online","tag-telescola"],"_links":{"self":[{"href":"https:\/\/www.ticmais.pt\/index.php?rest_route=\/wp\/v2\/posts\/6407","targetHints":{"allow":["GET"]}}],"collection":[{"href":"https:\/\/www.ticmais.pt\/index.php?rest_route=\/wp\/v2\/posts"}],"about":[{"href":"https:\/\/www.ticmais.pt\/index.php?rest_route=\/wp\/v2\/types\/post"}],"author":[{"embeddable":true,"href":"https:\/\/www.ticmais.pt\/index.php?rest_route=\/wp\/v2\/users\/1"}],"replies":[{"embeddable":true,"href":"https:\/\/www.ticmais.pt\/index.php?rest_route=%2Fwp%2Fv2%2Fcomments&post=6407"}],"version-history":[{"count":0,"href":"https:\/\/www.ticmais.pt\/index.php?rest_route=\/wp\/v2\/posts\/6407\/revisions"}],"wp:attachment":[{"href":"https:\/\/www.ticmais.pt\/index.php?rest_route=%2Fwp%2Fv2%2Fmedia&parent=6407"}],"wp:term":[{"taxonomy":"category","embeddable":true,"href":"https:\/\/www.ticmais.pt\/index.php?rest_route=%2Fwp%2Fv2%2Fcategories&post=6407"},{"taxonomy":"post_tag","embeddable":true,"href":"https:\/\/www.ticmais.pt\/index.php?rest_route=%2Fwp%2Fv2%2Ftags&post=6407"}],"curies":[{"name":"wp","href":"https:\/\/api.w.org\/{rel}","templated":true}]}}