{"id":6410,"date":"2020-04-06T23:01:48","date_gmt":"2020-04-06T22:01:48","guid":{"rendered":"https:\/\/www.ticmais.pt\/?p=6410"},"modified":"2020-04-06T23:03:38","modified_gmt":"2020-04-06T22:03:38","slug":"sem-dinheiro-para-pagar-a-fatura-de-comunicacoes-anacom-propoe-medidas","status":"publish","type":"post","link":"https:\/\/www.ticmais.pt\/?p=6410","title":{"rendered":"Sem dinheiro para pagar a fatura de comunica\u00e7\u00f5es? ANACOM prop\u00f5e medidas"},"content":{"rendered":"<p style=\"text-align: justify;\"><img decoding=\"async\" class=\"alignleft\" src=\"https:\/\/www.ticmais.pt\/ticmais\/imagens\/SemdinheiroparapagarafaturadecomunicaesANACOMpropemedidas.jpg\" \/><\/p>\n<div style=\"text-align: justify;\">O momento que o mundo atravessa n\u00e3o \u00e9 f\u00e1cil. No entanto, h\u00e1 quem tenha mais possibilidades e quem apenas tenha dinheiro para viver m\u00eas a m\u00eas (e at\u00e9 bem menos). Conscientes de tal situa\u00e7\u00e3o, a ANACOM prop\u00f5e medidas excecionais para proteger clientes de servi\u00e7os de comunica\u00e7\u00f5es eletr\u00f3nicas.<br \/>\n<a href=\"https:\/\/pplware.sapo.pt\/informacao\/sem-dinheiro-para-pagar-a-fatura-de-comunicacoes-anacom-propoe-medidas\/\">Conhe\u00e7a algumas das medidas propostas.<\/a><\/div>\n","protected":false},"excerpt":{"rendered":"<p>O momento que o mundo atravessa n\u00e3o \u00e9 f\u00e1cil. No entanto, h\u00e1 quem tenha mais possibilidades e quem apenas tenha dinheiro para viver m\u00eas a m\u00eas (e at\u00e9 bem menos). Conscientes de tal situa\u00e7\u00e3o, a ANACOM prop\u00f5e medidas excecionais para proteger clientes de servi\u00e7os de comunica\u00e7\u00f5es eletr\u00f3nicas. Conhe\u00e7a algumas das medidas propostas.<\/p>\n","protected":false},"author":1,"featured_media":0,"comment_status":"closed","ping_status":"closed","sticky":false,"template":"","format":"standard","meta":{"footnotes":""},"categories":[15],"tags":[413,924,3848,2041,897],"class_list":["post-6410","post","type-post","status-publish","format-standard","hentry","category-tic-mais","tag-anacom","tag-comunicacoes","tag-covid-19","tag-medidas","tag-operadoras"],"_links":{"self":[{"href":"https:\/\/www.ticmais.pt\/index.php?rest_route=\/wp\/v2\/posts\/6410","targetHints":{"allow":["GET"]}}],"collection":[{"href":"https:\/\/www.ticmais.pt\/index.php?rest_route=\/wp\/v2\/posts"}],"about":[{"href":"https:\/\/www.ticmais.pt\/index.php?rest_route=\/wp\/v2\/types\/post"}],"author":[{"embeddable":true,"href":"https:\/\/www.ticmais.pt\/index.php?rest_route=\/wp\/v2\/users\/1"}],"replies":[{"embeddable":true,"href":"https:\/\/www.ticmais.pt\/index.php?rest_route=%2Fwp%2Fv2%2Fcomments&post=6410"}],"version-history":[{"count":0,"href":"https:\/\/www.ticmais.pt\/index.php?rest_route=\/wp\/v2\/posts\/6410\/revisions"}],"wp:attachment":[{"href":"https:\/\/www.ticmais.pt\/index.php?rest_route=%2Fwp%2Fv2%2Fmedia&parent=6410"}],"wp:term":[{"taxonomy":"category","embeddable":true,"href":"https:\/\/www.ticmais.pt\/index.php?rest_route=%2Fwp%2Fv2%2Fcategories&post=6410"},{"taxonomy":"post_tag","embeddable":true,"href":"https:\/\/www.ticmais.pt\/index.php?rest_route=%2Fwp%2Fv2%2Ftags&post=6410"}],"curies":[{"name":"wp","href":"https:\/\/api.w.org\/{rel}","templated":true}]}}