{"id":6416,"date":"2020-04-09T02:55:19","date_gmt":"2020-04-09T01:55:19","guid":{"rendered":"https:\/\/www.ticmais.pt\/?p=6416"},"modified":"2020-04-09T03:01:47","modified_gmt":"2020-04-09T02:01:47","slug":"camara-de-lisboa-vai-lancar-uma-rede-gratis-para-a-populacao","status":"publish","type":"post","link":"https:\/\/www.ticmais.pt\/?p=6416","title":{"rendered":"C\u00e2mara de Lisboa vai lan\u00e7ar uma rede gr\u00e1tis para a popula\u00e7\u00e3o"},"content":{"rendered":"<p><img decoding=\"async\" class=\"alignleft\" src=\"https:\/\/www.ticmais.pt\/ticmais\/imagens\/CmaradeLisboavailanarumaredegrtisparaapopulao.jpg\" \/><\/p>\n<div style=\"text-align: justify;\">O Munic\u00edpio de Lisboa conta instalar at\u00e9 ao final de 2020 uma rede sem fios para uso de entidades p\u00fablicas e privadas, ou da popula\u00e7\u00e3o em geral. A rede dever\u00e1 operar nas frequ\u00eancias de 868 MHz, com base na tecnologia LoRa (acr\u00f3nimo de Long Range), que pode ter grandes alcances, mas costuma ser usada para comunicar dados que n\u00e3o exigem muita largura de banda. Al\u00e9m de aberta a qualquer entidade ou cidad\u00e3o, a rede n\u00e3o dever\u00e1 ter custos para os utilizadores. O procedimento para a escolha da empresa que dever\u00e1 implementar e gerir a futura rede LoRa dever\u00e1 ficar conclu\u00eddo at\u00e9 ao final do primeiro semestre de 2020. <a href=\"https:\/\/visao.sapo.pt\/exameinformatica\/2020-04-08-lisboa-vai-lancar-rede-lora-aberta-para-sensores-publicos-e-privados\/\">Mais\u2026\u00a0<\/a><\/div>\n","protected":false},"excerpt":{"rendered":"<p>O Munic\u00edpio de Lisboa conta instalar at\u00e9 ao final de 2020 uma rede sem fios para uso de entidades p\u00fablicas e privadas, ou da popula\u00e7\u00e3o em geral. A rede dever\u00e1 operar nas frequ\u00eancias de 868 MHz, com base na tecnologia LoRa (acr\u00f3nimo de Long Range), que pode ter grandes alcances, mas costuma ser usada para [&hellip;]<\/p>\n","protected":false},"author":1,"featured_media":0,"comment_status":"closed","ping_status":"closed","sticky":false,"template":"","format":"standard","meta":{"footnotes":""},"categories":[15],"tags":[427,36,3957,1277,131,3956,12,1288,86,820],"class_list":["post-6416","post","type-post","status-publish","format-standard","hentry","category-tic-mais","tag-aberta","tag-camaras-municipais","tag-entidades","tag-gratis","tag-lisboa","tag-lora","tag-municipios","tag-populacao","tag-redes","tag-sem-fios"],"_links":{"self":[{"href":"https:\/\/www.ticmais.pt\/index.php?rest_route=\/wp\/v2\/posts\/6416","targetHints":{"allow":["GET"]}}],"collection":[{"href":"https:\/\/www.ticmais.pt\/index.php?rest_route=\/wp\/v2\/posts"}],"about":[{"href":"https:\/\/www.ticmais.pt\/index.php?rest_route=\/wp\/v2\/types\/post"}],"author":[{"embeddable":true,"href":"https:\/\/www.ticmais.pt\/index.php?rest_route=\/wp\/v2\/users\/1"}],"replies":[{"embeddable":true,"href":"https:\/\/www.ticmais.pt\/index.php?rest_route=%2Fwp%2Fv2%2Fcomments&post=6416"}],"version-history":[{"count":0,"href":"https:\/\/www.ticmais.pt\/index.php?rest_route=\/wp\/v2\/posts\/6416\/revisions"}],"wp:attachment":[{"href":"https:\/\/www.ticmais.pt\/index.php?rest_route=%2Fwp%2Fv2%2Fmedia&parent=6416"}],"wp:term":[{"taxonomy":"category","embeddable":true,"href":"https:\/\/www.ticmais.pt\/index.php?rest_route=%2Fwp%2Fv2%2Fcategories&post=6416"},{"taxonomy":"post_tag","embeddable":true,"href":"https:\/\/www.ticmais.pt\/index.php?rest_route=%2Fwp%2Fv2%2Ftags&post=6416"}],"curies":[{"name":"wp","href":"https:\/\/api.w.org\/{rel}","templated":true}]}}