{"id":6418,"date":"2020-04-11T21:58:48","date_gmt":"2020-04-11T20:58:48","guid":{"rendered":"https:\/\/www.ticmais.pt\/?p=6418"},"modified":"2020-04-11T22:16:57","modified_gmt":"2020-04-11T21:16:57","slug":"sosvizinho-a-plataforma-digital-para-ajudar-quem-mais-precisa","status":"publish","type":"post","link":"https:\/\/www.ticmais.pt\/?p=6418","title":{"rendered":"SOS Vizinho: Com uma nova linha telef\u00f3nica, a ajuda a quem mais precisa est\u00e1 \u00e0 dist\u00e2ncia de uma chamada"},"content":{"rendered":"<p><img decoding=\"async\" class=\"alignleft\" src=\"https:\/\/www.ticmais.pt\/ticmais\/imagens\/SOSVizinhoComumanovalinhatelefnicaaajudaaquemmaisprecisaestdistnciadeumachamada.jpg\" \/><\/p>\n<p style=\"text-align: justify;\">\u00c0 medida que o pa\u00eds enfrenta a pandemia de COVID-19, o esp\u00edrito de solidariedade torna-se cada vez mais forte e a sociedade civil re\u00fane esfor\u00e7os para atender \u00e0s necessidades das pessoas que pertencem ao grupo de risco da doen\u00e7a. A SOS Vizinho \u00e9 uma das iniciativas que quer ajudar quem mais precisa, fazendo chegar bens essenciais a quem n\u00e3o pode sair de casa atrav\u00e9s de uma rede nacional de volunt\u00e1rios. <a href=\"https:\/\/tek.sapo.pt\/noticias\/telecomunicacoes\/artigos\/sos-vizinho-com-uma-nova-linha-telefonica-a-ajuda-a-quem-mais-precisa-esta-a-distancia-de-uma-chamada\">Mais&#8230;<\/a><\/p>\n<div style=\"text-align: justify;\"><\/div>\n","protected":false},"excerpt":{"rendered":"<p>\u00c0 medida que o pa\u00eds enfrenta a pandemia de COVID-19, o esp\u00edrito de solidariedade torna-se cada vez mais forte e a sociedade civil re\u00fane esfor\u00e7os para atender \u00e0s necessidades das pessoas que pertencem ao grupo de risco da doen\u00e7a. A SOS Vizinho \u00e9 uma das iniciativas que quer ajudar quem mais precisa, fazendo chegar bens [&hellip;]<\/p>\n","protected":false},"author":1,"featured_media":0,"comment_status":"closed","ping_status":"closed","sticky":false,"template":"","format":"standard","meta":{"footnotes":""},"categories":[15],"tags":[3069,1291,690,3960,3961,1659,3335,3962,3959,3958,608,3963],"class_list":["post-6418","post","type-post","status-publish","format-standard","hentry","category-tic-mais","tag-anafre","tag-cases","tag-edp","tag-fundacao-ageas","tag-fundacao-edp","tag-ministerio","tag-mitsubish","tag-mobipium","tag-solidariedade-e-seguranca-social","tag-sosvizinho","tag-trabalho","tag-webhs"],"_links":{"self":[{"href":"https:\/\/www.ticmais.pt\/index.php?rest_route=\/wp\/v2\/posts\/6418","targetHints":{"allow":["GET"]}}],"collection":[{"href":"https:\/\/www.ticmais.pt\/index.php?rest_route=\/wp\/v2\/posts"}],"about":[{"href":"https:\/\/www.ticmais.pt\/index.php?rest_route=\/wp\/v2\/types\/post"}],"author":[{"embeddable":true,"href":"https:\/\/www.ticmais.pt\/index.php?rest_route=\/wp\/v2\/users\/1"}],"replies":[{"embeddable":true,"href":"https:\/\/www.ticmais.pt\/index.php?rest_route=%2Fwp%2Fv2%2Fcomments&post=6418"}],"version-history":[{"count":0,"href":"https:\/\/www.ticmais.pt\/index.php?rest_route=\/wp\/v2\/posts\/6418\/revisions"}],"wp:attachment":[{"href":"https:\/\/www.ticmais.pt\/index.php?rest_route=%2Fwp%2Fv2%2Fmedia&parent=6418"}],"wp:term":[{"taxonomy":"category","embeddable":true,"href":"https:\/\/www.ticmais.pt\/index.php?rest_route=%2Fwp%2Fv2%2Fcategories&post=6418"},{"taxonomy":"post_tag","embeddable":true,"href":"https:\/\/www.ticmais.pt\/index.php?rest_route=%2Fwp%2Fv2%2Ftags&post=6418"}],"curies":[{"name":"wp","href":"https:\/\/api.w.org\/{rel}","templated":true}]}}