{"id":6436,"date":"2020-04-21T13:01:35","date_gmt":"2020-04-21T12:01:35","guid":{"rendered":"https:\/\/www.ticmais.pt\/?p=6436"},"modified":"2020-04-21T13:03:40","modified_gmt":"2020-04-21T12:03:40","slug":"gelclad-o-revestimento-de-fachadas-com-aerogel-que-foi-pensado-em-portugal","status":"publish","type":"post","link":"https:\/\/www.ticmais.pt\/?p=6436","title":{"rendered":"GELCLAD: o revestimento de fachadas com aerogel que foi pensado em Portugal"},"content":{"rendered":"<p><img decoding=\"async\" class=\"alignleft\" src=\"https:\/\/www.ticmais.pt\/ticmais\/imagens\/GELCLADorevestimentodefachadascomaerogelquefoipensadoemPortugal.jpg\" \/><\/p>\n<div style=\"text-align: justify;\">Num dos edif\u00edcios do Munic\u00edpio de Gij\u00f3n, no norte de Espanha, j\u00e1 \u00e9 poss\u00edvel sentir os benef\u00edcios de um novo revestimento que combina pl\u00e1sticos reciclados e aerogel. O munic\u00edpio do pa\u00eds vizinho escolheu a fachada de um dos seus edif\u00edcios para estrear um primeiro prot\u00f3tipo do projeto europeu GELCLAD, que conta com 12 parceiros de cinco estados membros e tem a coordena\u00e7\u00e3o do Instituto Pedro Nunes (IPN), da Universidade de Coimbra. <a href=\"https:\/\/visao.sapo.pt\/volt\/2020-04-21-gelclad-o-revestimento-de-fachadas-com-aerogel-que-foi-pensado-em-portugal\/\">Mais&#8230;<\/a><\/div>\n","protected":false},"excerpt":{"rendered":"<p>Num dos edif\u00edcios do Munic\u00edpio de Gij\u00f3n, no norte de Espanha, j\u00e1 \u00e9 poss\u00edvel sentir os benef\u00edcios de um novo revestimento que combina pl\u00e1sticos reciclados e aerogel. O munic\u00edpio do pa\u00eds vizinho escolheu a fachada de um dos seus edif\u00edcios para estrear um primeiro prot\u00f3tipo do projeto europeu GELCLAD, que conta com 12 parceiros de [&hellip;]<\/p>\n","protected":false},"author":1,"featured_media":0,"comment_status":"closed","ping_status":"closed","sticky":false,"template":"","format":"standard","meta":{"footnotes":""},"categories":[15],"tags":[3985,3987,3984,3988,3986,3989],"class_list":["post-6436","post","type-post","status-publish","format-standard","hentry","category-tic-mais","tag-aerogel","tag-fachadas","tag-gelclad","tag-instituto-pedro-nunes","tag-revestimento","tag-universidade-de-coimbra"],"_links":{"self":[{"href":"https:\/\/www.ticmais.pt\/index.php?rest_route=\/wp\/v2\/posts\/6436","targetHints":{"allow":["GET"]}}],"collection":[{"href":"https:\/\/www.ticmais.pt\/index.php?rest_route=\/wp\/v2\/posts"}],"about":[{"href":"https:\/\/www.ticmais.pt\/index.php?rest_route=\/wp\/v2\/types\/post"}],"author":[{"embeddable":true,"href":"https:\/\/www.ticmais.pt\/index.php?rest_route=\/wp\/v2\/users\/1"}],"replies":[{"embeddable":true,"href":"https:\/\/www.ticmais.pt\/index.php?rest_route=%2Fwp%2Fv2%2Fcomments&post=6436"}],"version-history":[{"count":0,"href":"https:\/\/www.ticmais.pt\/index.php?rest_route=\/wp\/v2\/posts\/6436\/revisions"}],"wp:attachment":[{"href":"https:\/\/www.ticmais.pt\/index.php?rest_route=%2Fwp%2Fv2%2Fmedia&parent=6436"}],"wp:term":[{"taxonomy":"category","embeddable":true,"href":"https:\/\/www.ticmais.pt\/index.php?rest_route=%2Fwp%2Fv2%2Fcategories&post=6436"},{"taxonomy":"post_tag","embeddable":true,"href":"https:\/\/www.ticmais.pt\/index.php?rest_route=%2Fwp%2Fv2%2Ftags&post=6436"}],"curies":[{"name":"wp","href":"https:\/\/api.w.org\/{rel}","templated":true}]}}