{"id":6451,"date":"2020-04-28T17:02:24","date_gmt":"2020-04-28T16:02:24","guid":{"rendered":"https:\/\/www.ticmais.pt\/?p=6451"},"modified":"2020-04-28T19:03:20","modified_gmt":"2020-04-28T18:03:20","slug":"mais-vale-tarde-do-que-nunca","status":"publish","type":"post","link":"https:\/\/www.ticmais.pt\/?p=6451","title":{"rendered":"&#8220;Mais vale tarde do que nunca&#8221;"},"content":{"rendered":"<p><img decoding=\"async\" class=\"alignleft\" src=\"https:\/\/www.ticmais.pt\/ticmais\/imagens\/Maisvaletardedoquenunca.jpg\" \/><\/p>\n<p style=\"text-align: justify;\">Muito do que ainda hoje est\u00e1 por fazer no \u00e2mbito da Sociedade do Conhecimento\/da Informa\u00e7\u00e3o e do Ambiente, j\u00e1 foi o que motivou em 2006, o surgimento do &#8220;Ticmais&#8221; (inicialmente Movimento e-Coruche).\u00a0 H\u00e1 14 anos que temos vindo a &#8220;pregar&#8221; <a href=\"https:\/\/www.ticmais.pt\/?tag=ticmais\">aqui<\/a> (com\u00a0 algum eco e convites de alguma imprensa local e sites de refer\u00eancia nacional p\u00fablicos e privados) para a necessidade de implementa\u00e7\u00e3o de um conjunto de medidas, que agora, muitas delas, ter\u00e3o de ser obrigatoriamente desenvolvidas em modo acelerado. Mas, se assim for, &#8220;mais vale tarde do que nunca&#8221;.<\/p>\n","protected":false},"excerpt":{"rendered":"<p>Muito do que ainda hoje est\u00e1 por fazer no \u00e2mbito da Sociedade do Conhecimento\/da Informa\u00e7\u00e3o e do Ambiente, j\u00e1 foi o que motivou em 2006, o surgimento do &#8220;Ticmais&#8221; (inicialmente Movimento e-Coruche).\u00a0 H\u00e1 14 anos que temos vindo a &#8220;pregar&#8221; aqui (com\u00a0 algum eco e convites de alguma imprensa local e sites de refer\u00eancia nacional [&hellip;]<\/p>\n","protected":false},"author":1,"featured_media":0,"comment_status":"closed","ping_status":"closed","sticky":false,"template":"","format":"standard","meta":{"footnotes":""},"categories":[15],"tags":[19],"class_list":["post-6451","post","type-post","status-publish","format-standard","hentry","category-tic-mais","tag-sociedade-do-conhecinentoda-informacao"],"_links":{"self":[{"href":"https:\/\/www.ticmais.pt\/index.php?rest_route=\/wp\/v2\/posts\/6451","targetHints":{"allow":["GET"]}}],"collection":[{"href":"https:\/\/www.ticmais.pt\/index.php?rest_route=\/wp\/v2\/posts"}],"about":[{"href":"https:\/\/www.ticmais.pt\/index.php?rest_route=\/wp\/v2\/types\/post"}],"author":[{"embeddable":true,"href":"https:\/\/www.ticmais.pt\/index.php?rest_route=\/wp\/v2\/users\/1"}],"replies":[{"embeddable":true,"href":"https:\/\/www.ticmais.pt\/index.php?rest_route=%2Fwp%2Fv2%2Fcomments&post=6451"}],"version-history":[{"count":0,"href":"https:\/\/www.ticmais.pt\/index.php?rest_route=\/wp\/v2\/posts\/6451\/revisions"}],"wp:attachment":[{"href":"https:\/\/www.ticmais.pt\/index.php?rest_route=%2Fwp%2Fv2%2Fmedia&parent=6451"}],"wp:term":[{"taxonomy":"category","embeddable":true,"href":"https:\/\/www.ticmais.pt\/index.php?rest_route=%2Fwp%2Fv2%2Fcategories&post=6451"},{"taxonomy":"post_tag","embeddable":true,"href":"https:\/\/www.ticmais.pt\/index.php?rest_route=%2Fwp%2Fv2%2Ftags&post=6451"}],"curies":[{"name":"wp","href":"https:\/\/api.w.org\/{rel}","templated":true}]}}