{"id":6452,"date":"2020-04-29T19:30:35","date_gmt":"2020-04-29T18:30:35","guid":{"rendered":"https:\/\/www.ticmais.pt\/?p=6452"},"modified":"2020-04-29T19:32:36","modified_gmt":"2020-04-29T18:32:36","slug":"como-se-traduz-a-confianca-no-mundo-das-empresas-tecnologicas-em-tempos-de-pandemia","status":"publish","type":"post","link":"https:\/\/www.ticmais.pt\/?p=6452","title":{"rendered":"Como se traduz a confian\u00e7a no mundo das empresas tecnol\u00f3gicas em tempos de pandemia?"},"content":{"rendered":"<p><img decoding=\"async\" class=\"alignleft\" src=\"https:\/\/www.ticmais.pt\/ticmais\/imagens\/Comosetraduzaconfiananomundodasempresastecnolgicasemtemposdepandemia.jpg\" \/><\/p>\n<div style=\"text-align: justify;\">A pandemia de COVID-19 est\u00e1 a ter um impacto nos n\u00edveis de confian\u00e7a dos consumidores e das empresas. O mundo da tecnologia n\u00e3o \u00e9 uma exce\u00e7\u00e3o \u00e0 regra e uma coisa \u00e9 certa: a nova realidade trazida pela crise vai trazer mudan\u00e7as na forma como as empresas do setor das TI funcionam e se relacionam com os consumidores. <a href=\"https:\/\/tek.sapo.pt\/noticias\/negocios\/artigos\/como-se-traduz-a-confianca-no-mundo-das-empresas-tecnologicas-em-tempos-de-pandemia\">Mais&#8230;<\/a><\/div>\n","protected":false},"excerpt":{"rendered":"<p>A pandemia de COVID-19 est\u00e1 a ter um impacto nos n\u00edveis de confian\u00e7a dos consumidores e das empresas. O mundo da tecnologia n\u00e3o \u00e9 uma exce\u00e7\u00e3o \u00e0 regra e uma coisa \u00e9 certa: a nova realidade trazida pela crise vai trazer mudan\u00e7as na forma como as empresas do setor das TI funcionam e se relacionam [&hellip;]<\/p>\n","protected":false},"author":1,"featured_media":0,"comment_status":"closed","ping_status":"closed","sticky":false,"template":"","format":"standard","meta":{"footnotes":""},"categories":[15],"tags":[4034,3848,1222,4033,2247],"class_list":["post-6452","post","type-post","status-publish","format-standard","hentry","category-tic-mais","tag-confianca","tag-covid-19","tag-empresas","tag-pandemia","tag-ti"],"_links":{"self":[{"href":"https:\/\/www.ticmais.pt\/index.php?rest_route=\/wp\/v2\/posts\/6452","targetHints":{"allow":["GET"]}}],"collection":[{"href":"https:\/\/www.ticmais.pt\/index.php?rest_route=\/wp\/v2\/posts"}],"about":[{"href":"https:\/\/www.ticmais.pt\/index.php?rest_route=\/wp\/v2\/types\/post"}],"author":[{"embeddable":true,"href":"https:\/\/www.ticmais.pt\/index.php?rest_route=\/wp\/v2\/users\/1"}],"replies":[{"embeddable":true,"href":"https:\/\/www.ticmais.pt\/index.php?rest_route=%2Fwp%2Fv2%2Fcomments&post=6452"}],"version-history":[{"count":0,"href":"https:\/\/www.ticmais.pt\/index.php?rest_route=\/wp\/v2\/posts\/6452\/revisions"}],"wp:attachment":[{"href":"https:\/\/www.ticmais.pt\/index.php?rest_route=%2Fwp%2Fv2%2Fmedia&parent=6452"}],"wp:term":[{"taxonomy":"category","embeddable":true,"href":"https:\/\/www.ticmais.pt\/index.php?rest_route=%2Fwp%2Fv2%2Fcategories&post=6452"},{"taxonomy":"post_tag","embeddable":true,"href":"https:\/\/www.ticmais.pt\/index.php?rest_route=%2Fwp%2Fv2%2Ftags&post=6452"}],"curies":[{"name":"wp","href":"https:\/\/api.w.org\/{rel}","templated":true}]}}