{"id":6459,"date":"2020-05-05T22:29:59","date_gmt":"2020-05-05T21:29:59","guid":{"rendered":"https:\/\/www.ticmais.pt\/?p=6459"},"modified":"2020-05-05T22:29:59","modified_gmt":"2020-05-05T21:29:59","slug":"anacom-recebeu-1-549-reclamacoes-sobre-telecomunicacoes-em-apenas-uma-semana","status":"publish","type":"post","link":"https:\/\/www.ticmais.pt\/?p=6459","title":{"rendered":"Anacom recebeu 1.549 reclama\u00e7\u00f5es sobre telecomunica\u00e7\u00f5es em apenas uma semana"},"content":{"rendered":"<p><img decoding=\"async\" class=\"alignleft\" src=\"https:\/\/www.ticmais.pt\/ticmais\/imagens\/Anacomrecebeu1.549reclamaessobretelecomunicaesemapenasumasemana.jpg\" \/><\/p>\n<div style=\"text-align: justify;\"><span>A Anacom revela que entre 25 de abril e 1 de maio foram apresentadas 1.825 reclama\u00e7\u00f5es sobre servi\u00e7os de comunica\u00e7\u00f5es no livro de reclama\u00e7\u00f5es eletr\u00f3nico. O valor representa um aumento de 2% em rela\u00e7\u00e3o \u00e0 semana anterior, embora tenha havido uma descida de 3% no que toca \u00e0s reclama\u00e7\u00f5es sobre servi\u00e7os de comunica\u00e7\u00f5es. <a href=\"https:\/\/tek.sapo.pt\/noticias\/telecomunicacoes\/artigos\/reclamacoes-sobre-telecomunicacoes-aumentam-anacom-recebeu-1-825-queixas-em-apenas-uma-semana\">Mais&#8230;<\/a><\/span><\/div>\n","protected":false},"excerpt":{"rendered":"<p>A Anacom revela que entre 25 de abril e 1 de maio foram apresentadas 1.825 reclama\u00e7\u00f5es sobre servi\u00e7os de comunica\u00e7\u00f5es no livro de reclama\u00e7\u00f5es eletr\u00f3nico. O valor representa um aumento de 2% em rela\u00e7\u00e3o \u00e0 semana anterior, embora tenha havido uma descida de 3% no que toca \u00e0s reclama\u00e7\u00f5es sobre servi\u00e7os de comunica\u00e7\u00f5es. Mais&#8230;<\/p>\n","protected":false},"author":1,"featured_media":0,"comment_status":"closed","ping_status":"closed","sticky":false,"template":"","format":"standard","meta":{"footnotes":""},"categories":[15],"tags":[413,518,897,1021,35],"class_list":["post-6459","post","type-post","status-publish","format-standard","hentry","category-tic-mais","tag-anacom","tag-consumidores","tag-operadoras","tag-reclamacoes","tag-telecomunicacoes"],"_links":{"self":[{"href":"https:\/\/www.ticmais.pt\/index.php?rest_route=\/wp\/v2\/posts\/6459","targetHints":{"allow":["GET"]}}],"collection":[{"href":"https:\/\/www.ticmais.pt\/index.php?rest_route=\/wp\/v2\/posts"}],"about":[{"href":"https:\/\/www.ticmais.pt\/index.php?rest_route=\/wp\/v2\/types\/post"}],"author":[{"embeddable":true,"href":"https:\/\/www.ticmais.pt\/index.php?rest_route=\/wp\/v2\/users\/1"}],"replies":[{"embeddable":true,"href":"https:\/\/www.ticmais.pt\/index.php?rest_route=%2Fwp%2Fv2%2Fcomments&post=6459"}],"version-history":[{"count":0,"href":"https:\/\/www.ticmais.pt\/index.php?rest_route=\/wp\/v2\/posts\/6459\/revisions"}],"wp:attachment":[{"href":"https:\/\/www.ticmais.pt\/index.php?rest_route=%2Fwp%2Fv2%2Fmedia&parent=6459"}],"wp:term":[{"taxonomy":"category","embeddable":true,"href":"https:\/\/www.ticmais.pt\/index.php?rest_route=%2Fwp%2Fv2%2Fcategories&post=6459"},{"taxonomy":"post_tag","embeddable":true,"href":"https:\/\/www.ticmais.pt\/index.php?rest_route=%2Fwp%2Fv2%2Ftags&post=6459"}],"curies":[{"name":"wp","href":"https:\/\/api.w.org\/{rel}","templated":true}]}}