{"id":6467,"date":"2020-05-11T22:31:38","date_gmt":"2020-05-11T21:31:38","guid":{"rendered":"https:\/\/www.ticmais.pt\/?p=6467"},"modified":"2020-05-11T22:32:38","modified_gmt":"2020-05-11T21:32:38","slug":"covid-19-lancado-guia-pratico-do-consumidor-de-telecomunicacoes-durante-a-pandemia","status":"publish","type":"post","link":"https:\/\/www.ticmais.pt\/?p=6467","title":{"rendered":"Covid-19: Lan\u00e7ado guia pr\u00e1tico do consumidor de telecomunica\u00e7\u00f5es durante a pandemia"},"content":{"rendered":"<p><img decoding=\"async\" class=\"alignleft\" src=\"https:\/\/www.ticmais.pt\/ticmais\/imagens\/Covid-19Lanadoguiaprticodoconsumidordetelecomunicaesduranteapandemia.jpg\" \/><\/p>\n<div style=\"text-align: justify;\">A Covid-19 levou a presid\u00eancia da Rep\u00fablica a decretar o Estado de Emerg\u00eancia \u2013 e com esse decreto mudaram tamb\u00e9m as obriga\u00e7\u00f5es de consumidores e operadores de telecomunica\u00e7\u00f5es. \u00c9 para dar resposta \u00e0s quest\u00f5es dos consumidores durante a fase de combate \u00e0 pandemia, que a Autoridade Nacional das Comunica\u00e7\u00f5es (Anacom) acaba de lan\u00e7ar o guia pr\u00e1tico \u201cO que precisa de saber sobre as comunica\u00e7\u00f5es durante a pandemia Covid-19\u201d. <a href=\"https:\/\/visao.sapo.pt\/exameinformatica\/noticias-ei\/mercados\/2020-05-11-covid-19-lancado-guia-pratico-do-consumidor-de-telecomunicacoes-durante-a-pandemia\/\">Mais&#8230;<\/a><\/div>\n","protected":false},"excerpt":{"rendered":"<p>A Covid-19 levou a presid\u00eancia da Rep\u00fablica a decretar o Estado de Emerg\u00eancia \u2013 e com esse decreto mudaram tamb\u00e9m as obriga\u00e7\u00f5es de consumidores e operadores de telecomunica\u00e7\u00f5es. \u00c9 para dar resposta \u00e0s quest\u00f5es dos consumidores durante a fase de combate \u00e0 pandemia, que a Autoridade Nacional das Comunica\u00e7\u00f5es (Anacom) acaba de lan\u00e7ar o guia [&hellip;]<\/p>\n","protected":false},"author":1,"featured_media":0,"comment_status":"closed","ping_status":"closed","sticky":false,"template":"","format":"standard","meta":{"footnotes":""},"categories":[15],"tags":[413,1104,3848,4047,35],"class_list":["post-6467","post","type-post","status-publish","format-standard","hentry","category-tic-mais","tag-anacom","tag-contratos","tag-covid-19","tag-guia-pratico","tag-telecomunicacoes"],"_links":{"self":[{"href":"https:\/\/www.ticmais.pt\/index.php?rest_route=\/wp\/v2\/posts\/6467","targetHints":{"allow":["GET"]}}],"collection":[{"href":"https:\/\/www.ticmais.pt\/index.php?rest_route=\/wp\/v2\/posts"}],"about":[{"href":"https:\/\/www.ticmais.pt\/index.php?rest_route=\/wp\/v2\/types\/post"}],"author":[{"embeddable":true,"href":"https:\/\/www.ticmais.pt\/index.php?rest_route=\/wp\/v2\/users\/1"}],"replies":[{"embeddable":true,"href":"https:\/\/www.ticmais.pt\/index.php?rest_route=%2Fwp%2Fv2%2Fcomments&post=6467"}],"version-history":[{"count":0,"href":"https:\/\/www.ticmais.pt\/index.php?rest_route=\/wp\/v2\/posts\/6467\/revisions"}],"wp:attachment":[{"href":"https:\/\/www.ticmais.pt\/index.php?rest_route=%2Fwp%2Fv2%2Fmedia&parent=6467"}],"wp:term":[{"taxonomy":"category","embeddable":true,"href":"https:\/\/www.ticmais.pt\/index.php?rest_route=%2Fwp%2Fv2%2Fcategories&post=6467"},{"taxonomy":"post_tag","embeddable":true,"href":"https:\/\/www.ticmais.pt\/index.php?rest_route=%2Fwp%2Fv2%2Ftags&post=6467"}],"curies":[{"name":"wp","href":"https:\/\/api.w.org\/{rel}","templated":true}]}}