{"id":6494,"date":"2020-06-03T18:23:27","date_gmt":"2020-06-03T17:23:27","guid":{"rendered":"https:\/\/www.ticmais.pt\/?p=6494"},"modified":"2020-06-03T18:23:27","modified_gmt":"2020-06-03T17:23:27","slug":"portugal-vem-ai-a-escola-digital-e-arranca-ja-no-proximo-ano-letivo","status":"publish","type":"post","link":"https:\/\/www.ticmais.pt\/?p=6494","title":{"rendered":"Portugal: Vem a\u00ed a Escola Digital e arranca j\u00e1 no pr\u00f3ximo ano letivo"},"content":{"rendered":"<p><img decoding=\"async\" class=\"alignleft\" src=\"https:\/\/www.ticmais.pt\/ticmais\/imagens\/PortugalVemaaEscolaDigitalearrancajnoprximoanoletivo.jpg\" \/><\/p>\n<div style=\"text-align: justify;\"><span>Face ao novo coronav\u00edrus, as sociedade e servi\u00e7os tiveram de se ajustar e adaptar quase em tempo recorde. No que diz respeito ao ensino em Portugal, hoje est\u00e1 \u201cpendurado\u201d no digital e vai continuar assim nos pr\u00f3ximos tempos.<br \/>\nO ministro Pedro Siza Vieira referiu que esta \u00e9 a hora da Escola Digital. <a href=\"https:\/\/pplware.sapo.pt\/smartphones-tablets\/portugal-vem-ai-a-escola-digital-e-arranca-ja-no-proximo-ano-letivo\/\">Mais&#8230;<\/a><\/span><\/div>\n","protected":false},"excerpt":{"rendered":"<p>Face ao novo coronav\u00edrus, as sociedade e servi\u00e7os tiveram de se ajustar e adaptar quase em tempo recorde. No que diz respeito ao ensino em Portugal, hoje est\u00e1 \u201cpendurado\u201d no digital e vai continuar assim nos pr\u00f3ximos tempos. O ministro Pedro Siza Vieira referiu que esta \u00e9 a hora da Escola Digital. Mais&#8230;<\/p>\n","protected":false},"author":1,"featured_media":0,"comment_status":"closed","ping_status":"closed","sticky":false,"template":"","format":"standard","meta":{"footnotes":""},"categories":[15],"tags":[3218,132],"class_list":["post-6494","post","type-post","status-publish","format-standard","hentry","category-tic-mais","tag-escola-digital","tag-portugal"],"_links":{"self":[{"href":"https:\/\/www.ticmais.pt\/index.php?rest_route=\/wp\/v2\/posts\/6494","targetHints":{"allow":["GET"]}}],"collection":[{"href":"https:\/\/www.ticmais.pt\/index.php?rest_route=\/wp\/v2\/posts"}],"about":[{"href":"https:\/\/www.ticmais.pt\/index.php?rest_route=\/wp\/v2\/types\/post"}],"author":[{"embeddable":true,"href":"https:\/\/www.ticmais.pt\/index.php?rest_route=\/wp\/v2\/users\/1"}],"replies":[{"embeddable":true,"href":"https:\/\/www.ticmais.pt\/index.php?rest_route=%2Fwp%2Fv2%2Fcomments&post=6494"}],"version-history":[{"count":0,"href":"https:\/\/www.ticmais.pt\/index.php?rest_route=\/wp\/v2\/posts\/6494\/revisions"}],"wp:attachment":[{"href":"https:\/\/www.ticmais.pt\/index.php?rest_route=%2Fwp%2Fv2%2Fmedia&parent=6494"}],"wp:term":[{"taxonomy":"category","embeddable":true,"href":"https:\/\/www.ticmais.pt\/index.php?rest_route=%2Fwp%2Fv2%2Fcategories&post=6494"},{"taxonomy":"post_tag","embeddable":true,"href":"https:\/\/www.ticmais.pt\/index.php?rest_route=%2Fwp%2Fv2%2Ftags&post=6494"}],"curies":[{"name":"wp","href":"https:\/\/api.w.org\/{rel}","templated":true}]}}