{"id":6495,"date":"2020-06-03T18:33:40","date_gmt":"2020-06-03T17:33:40","guid":{"rendered":"https:\/\/www.ticmais.pt\/?p=6495"},"modified":"2020-06-03T18:35:18","modified_gmt":"2020-06-03T17:35:18","slug":"funcionarios-do-facebook-param-de-trabalhar-e-pedem-que-publicacoes-de-trump-sejam-controladas","status":"publish","type":"post","link":"https:\/\/www.ticmais.pt\/?p=6495","title":{"rendered":"Funcion\u00e1rios do Facebook param de trabalhar e pedem que publica\u00e7\u00f5es de Trump sejam controladas"},"content":{"rendered":"<p><img decoding=\"async\" class=\"alignleft\" src=\"https:\/\/www.ticmais.pt\/ticmais\/imagens\/FuncionriosdoFacebookparamdetrabalharepedemquepublicaesdeTrumpsejamcontroladas.jpg\" \/><\/p>\n<div style=\"text-align: justify;\">Um grupo de funcion\u00e1rios do Facebook decidiu protestar contra a pol\u00edtica da empresa em rela\u00e7\u00e3o \u00e0s publica\u00e7\u00f5es feitas por Donald Trump. Este conjunto de manifestantes n\u00e3o concorda com a posi\u00e7\u00e3o assumida pelo CEO e defende que as mensagens do presidente dos EUA deviam ser controladas t\u00e3o rigorosamente como fez o Twitter. <a href=\"https:\/\/visao.sapo.pt\/exameinformatica\/noticias-ei\/mercados\/2020-06-02-funcionarios-do-facebook-param-de-trabalhar-e-pedem-que-publicacoes-de-trump-sejam-controladas\/\">Mais&#8230;<\/a><\/div>\n","protected":false},"excerpt":{"rendered":"<p>Um grupo de funcion\u00e1rios do Facebook decidiu protestar contra a pol\u00edtica da empresa em rela\u00e7\u00e3o \u00e0s publica\u00e7\u00f5es feitas por Donald Trump. Este conjunto de manifestantes n\u00e3o concorda com a posi\u00e7\u00e3o assumida pelo CEO e defende que as mensagens do presidente dos EUA deviam ser controladas t\u00e3o rigorosamente como fez o Twitter. Mais&#8230;<\/p>\n","protected":false},"author":1,"featured_media":0,"comment_status":"closed","ping_status":"closed","sticky":false,"template":"","format":"standard","meta":{"footnotes":""},"categories":[15],"tags":[768,1520,4076,3686],"class_list":["post-6495","post","type-post","status-publish","format-standard","hentry","category-tic-mais","tag-facebook","tag-funcionarios","tag-protesto","tag-trump"],"_links":{"self":[{"href":"https:\/\/www.ticmais.pt\/index.php?rest_route=\/wp\/v2\/posts\/6495","targetHints":{"allow":["GET"]}}],"collection":[{"href":"https:\/\/www.ticmais.pt\/index.php?rest_route=\/wp\/v2\/posts"}],"about":[{"href":"https:\/\/www.ticmais.pt\/index.php?rest_route=\/wp\/v2\/types\/post"}],"author":[{"embeddable":true,"href":"https:\/\/www.ticmais.pt\/index.php?rest_route=\/wp\/v2\/users\/1"}],"replies":[{"embeddable":true,"href":"https:\/\/www.ticmais.pt\/index.php?rest_route=%2Fwp%2Fv2%2Fcomments&post=6495"}],"version-history":[{"count":0,"href":"https:\/\/www.ticmais.pt\/index.php?rest_route=\/wp\/v2\/posts\/6495\/revisions"}],"wp:attachment":[{"href":"https:\/\/www.ticmais.pt\/index.php?rest_route=%2Fwp%2Fv2%2Fmedia&parent=6495"}],"wp:term":[{"taxonomy":"category","embeddable":true,"href":"https:\/\/www.ticmais.pt\/index.php?rest_route=%2Fwp%2Fv2%2Fcategories&post=6495"},{"taxonomy":"post_tag","embeddable":true,"href":"https:\/\/www.ticmais.pt\/index.php?rest_route=%2Fwp%2Fv2%2Ftags&post=6495"}],"curies":[{"name":"wp","href":"https:\/\/api.w.org\/{rel}","templated":true}]}}