{"id":6497,"date":"2020-06-04T21:14:24","date_gmt":"2020-06-04T20:14:24","guid":{"rendered":"https:\/\/www.ticmais.pt\/?p=6497"},"modified":"2020-06-04T21:14:24","modified_gmt":"2020-06-04T20:14:24","slug":"tarifarios-subiram-77-em-portugal-desde-2009-na-ue-desceram-104","status":"publish","type":"post","link":"https:\/\/www.ticmais.pt\/?p=6497","title":{"rendered":"Tarif\u00e1rios subiram 7,7% em Portugal desde 2009. Na UE desceram 10,4%"},"content":{"rendered":"<p><img decoding=\"async\" class=\"alignleft\" src=\"https:\/\/www.ticmais.pt\/ticmais\/imagens\/Tarifriossubiram77emPortugaldesde2009.NaUEdesceram104.jpg\" \/><\/p>\n<div style=\"text-align: justify;\"><span>A evolu\u00e7\u00e3o dos tarif\u00e1rios de telecomunica\u00e7\u00f5es em Portugal revela um sentido bem contrastante face \u00e0 m\u00e9dia da Uni\u00e3o Europeia, revela o mais recente balan\u00e7o da Autoridade Nacional das Comunica\u00e7\u00f5es (Anacom): de 2009 at\u00e9 abril de 2020, os tarif\u00e1rios nacionais subiram em m\u00e9dia 7,7%, enquanto a m\u00e9dia da UE revela uma descida de 10,4% no mesmo per\u00edodo. <a href=\"https:\/\/visao.sapo.pt\/exameinformatica\/noticias-ei\/mercados\/2020-06-04-tarifarios-subiram-77-em-portugal-desde-2009-na-ue-desceram-104\/\">Mais&#8230;<\/a><\/span><\/div>\n","protected":false},"excerpt":{"rendered":"<p>A evolu\u00e7\u00e3o dos tarif\u00e1rios de telecomunica\u00e7\u00f5es em Portugal revela um sentido bem contrastante face \u00e0 m\u00e9dia da Uni\u00e3o Europeia, revela o mais recente balan\u00e7o da Autoridade Nacional das Comunica\u00e7\u00f5es (Anacom): de 2009 at\u00e9 abril de 2020, os tarif\u00e1rios nacionais subiram em m\u00e9dia 7,7%, enquanto a m\u00e9dia da UE revela uma descida de 10,4% no mesmo [&hellip;]<\/p>\n","protected":false},"author":1,"featured_media":0,"comment_status":"closed","ping_status":"closed","sticky":false,"template":"","format":"standard","meta":{"footnotes":""},"categories":[15],"tags":[132,405,35,99],"class_list":["post-6497","post","type-post","status-publish","format-standard","hentry","category-tic-mais","tag-portugal","tag-tarifarios","tag-telecomunicacoes","tag-uniao-europeia"],"_links":{"self":[{"href":"https:\/\/www.ticmais.pt\/index.php?rest_route=\/wp\/v2\/posts\/6497","targetHints":{"allow":["GET"]}}],"collection":[{"href":"https:\/\/www.ticmais.pt\/index.php?rest_route=\/wp\/v2\/posts"}],"about":[{"href":"https:\/\/www.ticmais.pt\/index.php?rest_route=\/wp\/v2\/types\/post"}],"author":[{"embeddable":true,"href":"https:\/\/www.ticmais.pt\/index.php?rest_route=\/wp\/v2\/users\/1"}],"replies":[{"embeddable":true,"href":"https:\/\/www.ticmais.pt\/index.php?rest_route=%2Fwp%2Fv2%2Fcomments&post=6497"}],"version-history":[{"count":0,"href":"https:\/\/www.ticmais.pt\/index.php?rest_route=\/wp\/v2\/posts\/6497\/revisions"}],"wp:attachment":[{"href":"https:\/\/www.ticmais.pt\/index.php?rest_route=%2Fwp%2Fv2%2Fmedia&parent=6497"}],"wp:term":[{"taxonomy":"category","embeddable":true,"href":"https:\/\/www.ticmais.pt\/index.php?rest_route=%2Fwp%2Fv2%2Fcategories&post=6497"},{"taxonomy":"post_tag","embeddable":true,"href":"https:\/\/www.ticmais.pt\/index.php?rest_route=%2Fwp%2Fv2%2Ftags&post=6497"}],"curies":[{"name":"wp","href":"https:\/\/api.w.org\/{rel}","templated":true}]}}