{"id":6502,"date":"2020-06-18T01:15:36","date_gmt":"2020-06-18T00:15:36","guid":{"rendered":"https:\/\/www.ticmais.pt\/?p=6502"},"modified":"2020-06-18T01:17:00","modified_gmt":"2020-06-18T00:17:00","slug":"por-entre-avancos-e-recuos-portugal-ainda-esta-abaixo-da-media-europeia-no-desempenho-digital","status":"publish","type":"post","link":"https:\/\/www.ticmais.pt\/?p=6502","title":{"rendered":"Por entre avan\u00e7os e recuos, Portugal ainda est\u00e1 abaixo da m\u00e9dia europeia no desempenho digital"},"content":{"rendered":"<p><img decoding=\"async\" class=\"alignleft\" src=\"https:\/\/www.ticmais.pt\/ticmais\/imagens\/PorentreavanoserecuosPortugalaindaestabaixodamdiaeuropeianodesempenhodigital.jpg\" \/><\/p>\n<p style=\"text-align: justify;\">Os dados da Comiss\u00e3o Europeia d\u00e3o conta de descidas em v\u00e1rias das categorias em an\u00e1lise, com a maior delas a verificar-se no que diz respeito \u00e0 tecnologia digital nas empresas. O relat\u00f3rio detalha ainda que o pa\u00eds continua a apresentar um mau n\u00edvel de desempenho no que toca \u00e0 literacia digital. <a href=\"https:\/\/tek.sapo.pt\/noticias\/internet\/artigos\/por-entre-avancos-e-recuos-portugal-ainda-esta-abaixo-da-media-europeia-no-desempenho-digital\">Mais&#8230;<\/a><\/p>\n","protected":false},"excerpt":{"rendered":"<p>Os dados da Comiss\u00e3o Europeia d\u00e3o conta de descidas em v\u00e1rias das categorias em an\u00e1lise, com a maior delas a verificar-se no que diz respeito \u00e0 tecnologia digital nas empresas. O relat\u00f3rio detalha ainda que o pa\u00eds continua a apresentar um mau n\u00edvel de desempenho no que toca \u00e0 literacia digital. Mais&#8230;<\/p>\n","protected":false},"author":1,"featured_media":0,"comment_status":"closed","ping_status":"closed","sticky":false,"template":"","format":"standard","meta":{"footnotes":""},"categories":[15],"tags":[1929,4082,132,716],"class_list":["post-6502","post","type-post","status-publish","format-standard","hentry","category-tic-mais","tag-comissao-europeia","tag-desempenho-digital","tag-portugal","tag-ranking"],"_links":{"self":[{"href":"https:\/\/www.ticmais.pt\/index.php?rest_route=\/wp\/v2\/posts\/6502","targetHints":{"allow":["GET"]}}],"collection":[{"href":"https:\/\/www.ticmais.pt\/index.php?rest_route=\/wp\/v2\/posts"}],"about":[{"href":"https:\/\/www.ticmais.pt\/index.php?rest_route=\/wp\/v2\/types\/post"}],"author":[{"embeddable":true,"href":"https:\/\/www.ticmais.pt\/index.php?rest_route=\/wp\/v2\/users\/1"}],"replies":[{"embeddable":true,"href":"https:\/\/www.ticmais.pt\/index.php?rest_route=%2Fwp%2Fv2%2Fcomments&post=6502"}],"version-history":[{"count":0,"href":"https:\/\/www.ticmais.pt\/index.php?rest_route=\/wp\/v2\/posts\/6502\/revisions"}],"wp:attachment":[{"href":"https:\/\/www.ticmais.pt\/index.php?rest_route=%2Fwp%2Fv2%2Fmedia&parent=6502"}],"wp:term":[{"taxonomy":"category","embeddable":true,"href":"https:\/\/www.ticmais.pt\/index.php?rest_route=%2Fwp%2Fv2%2Fcategories&post=6502"},{"taxonomy":"post_tag","embeddable":true,"href":"https:\/\/www.ticmais.pt\/index.php?rest_route=%2Fwp%2Fv2%2Ftags&post=6502"}],"curies":[{"name":"wp","href":"https:\/\/api.w.org\/{rel}","templated":true}]}}