{"id":6511,"date":"2020-07-15T00:50:30","date_gmt":"2020-07-14T23:50:30","guid":{"rendered":"https:\/\/www.ticmais.pt\/?p=6511"},"modified":"2020-07-15T00:51:22","modified_gmt":"2020-07-14T23:51:22","slug":"bruxelas-quer-europeus-com-competencias-digitais-para-vingarem-no-mercado-de-trabalho-depois-da-pandemia","status":"publish","type":"post","link":"https:\/\/www.ticmais.pt\/?p=6511","title":{"rendered":"Bruxelas quer europeus com compet\u00eancias digitais para vingarem no mercado de trabalho depois da pandemia"},"content":{"rendered":"<p><img decoding=\"async\" class=\"alignleft\" src=\"https:\/\/www.ticmais.pt\/ticmais\/imagens\/Bruxelasquereuropeuscomcompetnciasdigitaisparavingaremnomercadodetrabalhodepoisdapandemia.jpg\" \/><\/p>\n<p style=\"text-align: justify;\">No outono, a Comiss\u00e3o Europeia vai apresentar um plano de a\u00e7\u00e3o para a educa\u00e7\u00e3o digital atualizado e revelar mais detalhes sobre a constru\u00e7\u00e3o do Espa\u00e7o Europeu da Educa\u00e7\u00e3o.<a href=\"https:\/\/tek.sapo.pt\/noticias\/internet\/artigos\/bruxelas-quer-europeus-com-competencias-digitais-para-vingarem-no-mercado-de-trabalho-depois-da-pandemia\"> Mais&#8230;<\/a><\/p>\n","protected":false},"excerpt":{"rendered":"<p>No outono, a Comiss\u00e3o Europeia vai apresentar um plano de a\u00e7\u00e3o para a educa\u00e7\u00e3o digital atualizado e revelar mais detalhes sobre a constru\u00e7\u00e3o do Espa\u00e7o Europeu da Educa\u00e7\u00e3o. Mais&#8230;<\/p>\n","protected":false},"author":1,"featured_media":0,"comment_status":"closed","ping_status":"closed","sticky":false,"template":"","format":"standard","meta":{"footnotes":""},"categories":[15],"tags":[1929,1356,1870],"class_list":["post-6511","post","type-post","status-publish","format-standard","hentry","category-tic-mais","tag-comissao-europeia","tag-competencias","tag-digitais"],"_links":{"self":[{"href":"https:\/\/www.ticmais.pt\/index.php?rest_route=\/wp\/v2\/posts\/6511","targetHints":{"allow":["GET"]}}],"collection":[{"href":"https:\/\/www.ticmais.pt\/index.php?rest_route=\/wp\/v2\/posts"}],"about":[{"href":"https:\/\/www.ticmais.pt\/index.php?rest_route=\/wp\/v2\/types\/post"}],"author":[{"embeddable":true,"href":"https:\/\/www.ticmais.pt\/index.php?rest_route=\/wp\/v2\/users\/1"}],"replies":[{"embeddable":true,"href":"https:\/\/www.ticmais.pt\/index.php?rest_route=%2Fwp%2Fv2%2Fcomments&post=6511"}],"version-history":[{"count":0,"href":"https:\/\/www.ticmais.pt\/index.php?rest_route=\/wp\/v2\/posts\/6511\/revisions"}],"wp:attachment":[{"href":"https:\/\/www.ticmais.pt\/index.php?rest_route=%2Fwp%2Fv2%2Fmedia&parent=6511"}],"wp:term":[{"taxonomy":"category","embeddable":true,"href":"https:\/\/www.ticmais.pt\/index.php?rest_route=%2Fwp%2Fv2%2Fcategories&post=6511"},{"taxonomy":"post_tag","embeddable":true,"href":"https:\/\/www.ticmais.pt\/index.php?rest_route=%2Fwp%2Fv2%2Ftags&post=6511"}],"curies":[{"name":"wp","href":"https:\/\/api.w.org\/{rel}","templated":true}]}}