{"id":6514,"date":"2020-07-21T21:51:18","date_gmt":"2020-07-21T20:51:18","guid":{"rendered":"https:\/\/www.ticmais.pt\/?p=6514"},"modified":"2020-07-21T21:51:55","modified_gmt":"2020-07-21T20:51:55","slug":"plano-de-recuperacao-economica-e-social-conheca-ao-detalhe-as-propostas-para-a-tecnologia","status":"publish","type":"post","link":"https:\/\/www.ticmais.pt\/?p=6514","title":{"rendered":"Plano de Recupera\u00e7\u00e3o Econ\u00f3mica e Social: Conhe\u00e7a ao detalhe as propostas para a tecnologia"},"content":{"rendered":"<p><img decoding=\"async\" class=\"alignleft\" src=\"https:\/\/www.ticmais.pt\/ticmais\/imagens\/PlanodeRecuperaoEconmicaeSocialConheaaodetalheaspropostasparaatecnologia.jpg\" \/><\/p>\n<p style=\"text-align: justify;\">A \u201cVis\u00e3o Estrat\u00e9gica para o Plano de Recupera\u00e7\u00e3o Econ\u00f3mica de Portugal 2020-2030\u201d foi hoje apresentada para debate p\u00fablico. A transi\u00e7\u00e3o digital \u00e9 vista por Ant\u00f3nio Costa Silva, conselheiro independente do primeiro-ministro Ant\u00f3nio Costa, como \u201cum dos instrumentos essenciais da estrat\u00e9gia de desenvolvimento do pa\u00eds\u201d. <a href=\"https:\/\/tek.sapo.pt\/noticias\/negocios\/artigos\/plano-de-recuperacao-economica-e-social-conheca-ao-detalhe-as-propostas-para-a-tecnologia\">Mais&#8230;<\/a><\/p>\n","protected":false},"excerpt":{"rendered":"<p>A \u201cVis\u00e3o Estrat\u00e9gica para o Plano de Recupera\u00e7\u00e3o Econ\u00f3mica de Portugal 2020-2030\u201d foi hoje apresentada para debate p\u00fablico. A transi\u00e7\u00e3o digital \u00e9 vista por Ant\u00f3nio Costa Silva, conselheiro independente do primeiro-ministro Ant\u00f3nio Costa, como \u201cum dos instrumentos essenciais da estrat\u00e9gia de desenvolvimento do pa\u00eds\u201d. Mais&#8230;<\/p>\n","protected":false},"author":1,"featured_media":0,"comment_status":"closed","ping_status":"closed","sticky":false,"template":"","format":"standard","meta":{"footnotes":""},"categories":[15],"tags":[4091,132],"class_list":["post-6514","post","type-post","status-publish","format-standard","hentry","category-tic-mais","tag-plano-de-recuperacao-economica-e-social","tag-portugal"],"_links":{"self":[{"href":"https:\/\/www.ticmais.pt\/index.php?rest_route=\/wp\/v2\/posts\/6514","targetHints":{"allow":["GET"]}}],"collection":[{"href":"https:\/\/www.ticmais.pt\/index.php?rest_route=\/wp\/v2\/posts"}],"about":[{"href":"https:\/\/www.ticmais.pt\/index.php?rest_route=\/wp\/v2\/types\/post"}],"author":[{"embeddable":true,"href":"https:\/\/www.ticmais.pt\/index.php?rest_route=\/wp\/v2\/users\/1"}],"replies":[{"embeddable":true,"href":"https:\/\/www.ticmais.pt\/index.php?rest_route=%2Fwp%2Fv2%2Fcomments&post=6514"}],"version-history":[{"count":0,"href":"https:\/\/www.ticmais.pt\/index.php?rest_route=\/wp\/v2\/posts\/6514\/revisions"}],"wp:attachment":[{"href":"https:\/\/www.ticmais.pt\/index.php?rest_route=%2Fwp%2Fv2%2Fmedia&parent=6514"}],"wp:term":[{"taxonomy":"category","embeddable":true,"href":"https:\/\/www.ticmais.pt\/index.php?rest_route=%2Fwp%2Fv2%2Fcategories&post=6514"},{"taxonomy":"post_tag","embeddable":true,"href":"https:\/\/www.ticmais.pt\/index.php?rest_route=%2Fwp%2Fv2%2Ftags&post=6514"}],"curies":[{"name":"wp","href":"https:\/\/api.w.org\/{rel}","templated":true}]}}