{"id":6515,"date":"2020-07-21T21:58:00","date_gmt":"2020-07-21T20:58:00","guid":{"rendered":"https:\/\/www.ticmais.pt\/?p=6515"},"modified":"2020-07-21T21:59:13","modified_gmt":"2020-07-21T20:59:13","slug":"bruxelas-conta-consigo-para-ajudar-a-moldar-o-futuro-da-transformacao-digital-do-ensino","status":"publish","type":"post","link":"https:\/\/www.ticmais.pt\/?p=6515","title":{"rendered":"Bruxelas conta consigo para ajudar a moldar o futuro da transforma\u00e7\u00e3o digital do ensino"},"content":{"rendered":"<p><img decoding=\"async\" class=\"alignleft\" src=\"https:\/\/www.ticmais.pt\/ticmais\/imagens\/Bruxelascontaconsigoparaajudaramoldarofuturodatransformaodigitaldoensino.jpg\" \/><\/p>\n<p style=\"text-align: justify;\">A COVID-19 teve um impacto consider\u00e1vel na Uni\u00e3o Europeia (UE) e Bruxelas considera que esta crise de sa\u00fade p\u00fablica pode ser uma oportunidade de transforma\u00e7\u00e3o digital na Uni\u00e3o Europeia. A Comiss\u00e3o Europeia quer agora ouvir os europeus sobre os desafios que enfrentaram na nova realidade de ensino a dist\u00e2ncia, enquanto pais, professores e alunos. <a href=\"https:\/\/tek.sapo.pt\/noticias\/internet\/artigos\/bruxelas-quer-a-sua-ajuda-para-ajudar-a-moldar-o-futuro-da-transformacao-digital-do-ensino\">Mais&#8230;<\/a><\/p>\n","protected":false},"excerpt":{"rendered":"<p>A COVID-19 teve um impacto consider\u00e1vel na Uni\u00e3o Europeia (UE) e Bruxelas considera que esta crise de sa\u00fade p\u00fablica pode ser uma oportunidade de transforma\u00e7\u00e3o digital na Uni\u00e3o Europeia. A Comiss\u00e3o Europeia quer agora ouvir os europeus sobre os desafios que enfrentaram na nova realidade de ensino a dist\u00e2ncia, enquanto pais, professores e alunos. Mais&#8230;<\/p>\n","protected":false},"author":1,"featured_media":0,"comment_status":"closed","ping_status":"closed","sticky":false,"template":"","format":"standard","meta":{"footnotes":""},"categories":[15],"tags":[1929,1420,3898,99],"class_list":["post-6515","post","type-post","status-publish","format-standard","hentry","category-tic-mais","tag-comissao-europeia","tag-consulta-publica","tag-transformacao-digital","tag-uniao-europeia"],"_links":{"self":[{"href":"https:\/\/www.ticmais.pt\/index.php?rest_route=\/wp\/v2\/posts\/6515","targetHints":{"allow":["GET"]}}],"collection":[{"href":"https:\/\/www.ticmais.pt\/index.php?rest_route=\/wp\/v2\/posts"}],"about":[{"href":"https:\/\/www.ticmais.pt\/index.php?rest_route=\/wp\/v2\/types\/post"}],"author":[{"embeddable":true,"href":"https:\/\/www.ticmais.pt\/index.php?rest_route=\/wp\/v2\/users\/1"}],"replies":[{"embeddable":true,"href":"https:\/\/www.ticmais.pt\/index.php?rest_route=%2Fwp%2Fv2%2Fcomments&post=6515"}],"version-history":[{"count":0,"href":"https:\/\/www.ticmais.pt\/index.php?rest_route=\/wp\/v2\/posts\/6515\/revisions"}],"wp:attachment":[{"href":"https:\/\/www.ticmais.pt\/index.php?rest_route=%2Fwp%2Fv2%2Fmedia&parent=6515"}],"wp:term":[{"taxonomy":"category","embeddable":true,"href":"https:\/\/www.ticmais.pt\/index.php?rest_route=%2Fwp%2Fv2%2Fcategories&post=6515"},{"taxonomy":"post_tag","embeddable":true,"href":"https:\/\/www.ticmais.pt\/index.php?rest_route=%2Fwp%2Fv2%2Ftags&post=6515"}],"curies":[{"name":"wp","href":"https:\/\/api.w.org\/{rel}","templated":true}]}}