{"id":6565,"date":"2020-10-12T17:59:12","date_gmt":"2020-10-12T16:59:12","guid":{"rendered":"https:\/\/www.ticmais.pt\/?p=6565"},"modified":"2020-10-12T18:01:42","modified_gmt":"2020-10-12T17:01:42","slug":"portugal-vai-ter-um-novo-hub-para-transformar-a-mobilidade-urbana-e-criar-solucoes-inovadoras","status":"publish","type":"post","link":"https:\/\/www.ticmais.pt\/?p=6565","title":{"rendered":"Portugal vai ter um novo hub para transformar a mobilidade urbana e criar solu\u00e7\u00f5es inovadoras"},"content":{"rendered":"<p><img decoding=\"async\" class=\"alignleft\" src=\"https:\/\/www.ticmais.pt\/ticmais\/imagens\/Portugalvaiterumnovohubparatransformaramobilidadeurbanaecriarsoluesinovadoras.jpg\" \/><\/p>\n<p style=\"text-align: justify;\">O EIT Urban Mobility, do Instituto Europeu de Inova\u00e7\u00e3o e Tecnologia (EIT na sigla em ing\u00eas), vai passar a ter um novo hub em Portugal. O objetivo \u00e9 aprofundar o conhecimento sobre as quest\u00f5es de mobilidade urbana e incentivar ideias e solu\u00e7\u00f5es inovadoras para melhorar a situa\u00e7\u00e3o do tr\u00e1fego e resolver outros problemas de mobilidade no pa\u00eds. <a href=\"https:\/\/tek.sapo.pt\/expert\/artigos\/portugal-vai-ter-um-novo-hub-para-transformar-a-mobilidade-urbana-e-criar-solucoes-inovadoras\">Mais&#8230;<\/a><\/p>\n","protected":false},"excerpt":{"rendered":"<p>O EIT Urban Mobility, do Instituto Europeu de Inova\u00e7\u00e3o e Tecnologia (EIT na sigla em ing\u00eas), vai passar a ter um novo hub em Portugal. O objetivo \u00e9 aprofundar o conhecimento sobre as quest\u00f5es de mobilidade urbana e incentivar ideias e solu\u00e7\u00f5es inovadoras para melhorar a situa\u00e7\u00e3o do tr\u00e1fego e resolver outros problemas de mobilidade [&hellip;]<\/p>\n","protected":false},"author":1,"featured_media":0,"comment_status":"closed","ping_status":"closed","sticky":false,"template":"","format":"standard","meta":{"footnotes":""},"categories":[15],"tags":[4162,4163,4164,4165,132],"class_list":["post-6565","post","type-post","status-publish","format-standard","hentry","category-tic-mais","tag-eit-urban-mobility","tag-hub","tag-instituto-europeu-de-inovacao-e-tecnologia","tag-mobilidade-urbana","tag-portugal"],"_links":{"self":[{"href":"https:\/\/www.ticmais.pt\/index.php?rest_route=\/wp\/v2\/posts\/6565","targetHints":{"allow":["GET"]}}],"collection":[{"href":"https:\/\/www.ticmais.pt\/index.php?rest_route=\/wp\/v2\/posts"}],"about":[{"href":"https:\/\/www.ticmais.pt\/index.php?rest_route=\/wp\/v2\/types\/post"}],"author":[{"embeddable":true,"href":"https:\/\/www.ticmais.pt\/index.php?rest_route=\/wp\/v2\/users\/1"}],"replies":[{"embeddable":true,"href":"https:\/\/www.ticmais.pt\/index.php?rest_route=%2Fwp%2Fv2%2Fcomments&post=6565"}],"version-history":[{"count":0,"href":"https:\/\/www.ticmais.pt\/index.php?rest_route=\/wp\/v2\/posts\/6565\/revisions"}],"wp:attachment":[{"href":"https:\/\/www.ticmais.pt\/index.php?rest_route=%2Fwp%2Fv2%2Fmedia&parent=6565"}],"wp:term":[{"taxonomy":"category","embeddable":true,"href":"https:\/\/www.ticmais.pt\/index.php?rest_route=%2Fwp%2Fv2%2Fcategories&post=6565"},{"taxonomy":"post_tag","embeddable":true,"href":"https:\/\/www.ticmais.pt\/index.php?rest_route=%2Fwp%2Fv2%2Ftags&post=6565"}],"curies":[{"name":"wp","href":"https:\/\/api.w.org\/{rel}","templated":true}]}}