{"id":6573,"date":"2020-10-19T13:51:32","date_gmt":"2020-10-19T12:51:32","guid":{"rendered":"https:\/\/www.ticmais.pt\/?p=6573"},"modified":"2020-10-19T13:53:22","modified_gmt":"2020-10-19T12:53:22","slug":"d9-portugal-entra-para-o-clube-dos-paises-mais-digitais-na-europa","status":"publish","type":"post","link":"https:\/\/www.ticmais.pt\/?p=6573","title":{"rendered":"D9+: Portugal entra para o &#8220;clube&#8221; dos pa\u00edses mais digitais na Europa"},"content":{"rendered":"<p><img decoding=\"async\" class=\"alignleft\" src=\"https:\/\/www.ticmais.pt\/ticmais\/imagens\/D9PortugalentraparaoclubedospasesmaisdigitaisnaEuropa.jpg\" \/><\/p>\n<p style=\"text-align: justify;\">Portugal acaba de ser aceite no grupo informal que junta os pa\u00edses da Uni\u00e3o Europeia com melhor classifica\u00e7\u00e3o no \u00cdndice Anual de Economia e Sociedade Digital<br \/>\nPortugal junta-se assim \u00e0 Dinamarca, Finl\u00e2ndia, Su\u00e9cia, Holanda, Luxemburgo, B\u00e9lgica, Reino Unido, Irlanda e Est\u00f3nia, os membros iniciais do D9+, a que se juntaram a Rep\u00fablica Checa e a Pol\u00f3nia, e que conta agora com 12 pa\u00edses neste grupo informal. <a href=\"https:\/\/tek.sapo.pt\/noticias\/negocios\/artigos\/d9-portugal-entra-para-o-clube-dos-paises-mais-digitais-na-europa\">Mais&#8230;<\/a><\/p>\n","protected":false},"excerpt":{"rendered":"<p>Portugal acaba de ser aceite no grupo informal que junta os pa\u00edses da Uni\u00e3o Europeia com melhor classifica\u00e7\u00e3o no \u00cdndice Anual de Economia e Sociedade Digital Portugal junta-se assim \u00e0 Dinamarca, Finl\u00e2ndia, Su\u00e9cia, Holanda, Luxemburgo, B\u00e9lgica, Reino Unido, Irlanda e Est\u00f3nia, os membros iniciais do D9+, a que se juntaram a Rep\u00fablica Checa e a [&hellip;]<\/p>\n","protected":false},"author":1,"featured_media":0,"comment_status":"closed","ping_status":"closed","sticky":false,"template":"","format":"standard","meta":{"footnotes":""},"categories":[15],"tags":[4174,4176,4177,4175,132,99],"class_list":["post-6573","post","type-post","status-publish","format-standard","hentry","category-tic-mais","tag-d9","tag-economia-e-sociedade-digital","tag-grupo-informal","tag-indice-anual","tag-portugal","tag-uniao-europeia"],"_links":{"self":[{"href":"https:\/\/www.ticmais.pt\/index.php?rest_route=\/wp\/v2\/posts\/6573","targetHints":{"allow":["GET"]}}],"collection":[{"href":"https:\/\/www.ticmais.pt\/index.php?rest_route=\/wp\/v2\/posts"}],"about":[{"href":"https:\/\/www.ticmais.pt\/index.php?rest_route=\/wp\/v2\/types\/post"}],"author":[{"embeddable":true,"href":"https:\/\/www.ticmais.pt\/index.php?rest_route=\/wp\/v2\/users\/1"}],"replies":[{"embeddable":true,"href":"https:\/\/www.ticmais.pt\/index.php?rest_route=%2Fwp%2Fv2%2Fcomments&post=6573"}],"version-history":[{"count":0,"href":"https:\/\/www.ticmais.pt\/index.php?rest_route=\/wp\/v2\/posts\/6573\/revisions"}],"wp:attachment":[{"href":"https:\/\/www.ticmais.pt\/index.php?rest_route=%2Fwp%2Fv2%2Fmedia&parent=6573"}],"wp:term":[{"taxonomy":"category","embeddable":true,"href":"https:\/\/www.ticmais.pt\/index.php?rest_route=%2Fwp%2Fv2%2Fcategories&post=6573"},{"taxonomy":"post_tag","embeddable":true,"href":"https:\/\/www.ticmais.pt\/index.php?rest_route=%2Fwp%2Fv2%2Ftags&post=6573"}],"curies":[{"name":"wp","href":"https:\/\/api.w.org\/{rel}","templated":true}]}}