{"id":6577,"date":"2020-10-29T03:04:32","date_gmt":"2020-10-29T02:04:32","guid":{"rendered":"https:\/\/www.ticmais.pt\/?p=6577"},"modified":"2020-10-29T03:05:25","modified_gmt":"2020-10-29T02:05:25","slug":"faturas-com-codigo-atcud-ja-nao-chegam-em-janeiro-so-em-2022","status":"publish","type":"post","link":"https:\/\/www.ticmais.pt\/?p=6577","title":{"rendered":"Faturas com c\u00f3digo ATCUD j\u00e1 n\u00e3o chegam em janeiro! S\u00f3 em 2022"},"content":{"rendered":"<p><img decoding=\"async\" class=\"alignleft\" src=\"https:\/\/www.ticmais.pt\/ticmais\/imagens\/FaturascomcdigoATCUDjnochegamemjaneiroSem2022.jpg\" \/><\/p>\n<p style=\"text-align: justify;\">De acordo com a Portaria n.\u00ba 195\/2020, publicada no Di\u00e1rio da Rep\u00fablica, era j\u00e1 partir de janeiro de 2021 que as faturas teriam um c\u00f3digo ATCUD que facilitaria a sua introdu\u00e7\u00e3o no programa e-Fatura.<br \/>\nNo entanto, num despacho emitido pelo secret\u00e1rio de Estado dos Assuntos Fiscais, Ant\u00f3nio Mendon\u00e7a Mendes \u00e9 referido que os c\u00f3digos ATCUD s\u00f3 passam a ser obrigat\u00f3rios a partir de 1 de janeiro de 2022. <a href=\"https:\/\/pplware.sapo.pt\/informacao\/faturas-com-codigo-qr-nao-chegam-em-janeiro-so-em-2022\/\">Mais&#8230;<\/a><\/p>\n","protected":false},"excerpt":{"rendered":"<p>De acordo com a Portaria n.\u00ba 195\/2020, publicada no Di\u00e1rio da Rep\u00fablica, era j\u00e1 partir de janeiro de 2021 que as faturas teriam um c\u00f3digo ATCUD que facilitaria a sua introdu\u00e7\u00e3o no programa e-Fatura. No entanto, num despacho emitido pelo secret\u00e1rio de Estado dos Assuntos Fiscais, Ant\u00f3nio Mendon\u00e7a Mendes \u00e9 referido que os c\u00f3digos ATCUD [&hellip;]<\/p>\n","protected":false},"author":1,"featured_media":0,"comment_status":"closed","ping_status":"closed","sticky":false,"template":"","format":"standard","meta":{"footnotes":""},"categories":[15],"tags":[4181,4180,4182],"class_list":["post-6577","post","type-post","status-publish","format-standard","hentry","category-tic-mais","tag-codigo-atcud","tag-faturas","tag-fiscalidade"],"_links":{"self":[{"href":"https:\/\/www.ticmais.pt\/index.php?rest_route=\/wp\/v2\/posts\/6577","targetHints":{"allow":["GET"]}}],"collection":[{"href":"https:\/\/www.ticmais.pt\/index.php?rest_route=\/wp\/v2\/posts"}],"about":[{"href":"https:\/\/www.ticmais.pt\/index.php?rest_route=\/wp\/v2\/types\/post"}],"author":[{"embeddable":true,"href":"https:\/\/www.ticmais.pt\/index.php?rest_route=\/wp\/v2\/users\/1"}],"replies":[{"embeddable":true,"href":"https:\/\/www.ticmais.pt\/index.php?rest_route=%2Fwp%2Fv2%2Fcomments&post=6577"}],"version-history":[{"count":0,"href":"https:\/\/www.ticmais.pt\/index.php?rest_route=\/wp\/v2\/posts\/6577\/revisions"}],"wp:attachment":[{"href":"https:\/\/www.ticmais.pt\/index.php?rest_route=%2Fwp%2Fv2%2Fmedia&parent=6577"}],"wp:term":[{"taxonomy":"category","embeddable":true,"href":"https:\/\/www.ticmais.pt\/index.php?rest_route=%2Fwp%2Fv2%2Fcategories&post=6577"},{"taxonomy":"post_tag","embeddable":true,"href":"https:\/\/www.ticmais.pt\/index.php?rest_route=%2Fwp%2Fv2%2Ftags&post=6577"}],"curies":[{"name":"wp","href":"https:\/\/api.w.org\/{rel}","templated":true}]}}