{"id":6590,"date":"2020-11-04T02:34:43","date_gmt":"2020-11-04T01:34:43","guid":{"rendered":"https:\/\/www.ticmais.pt\/?p=6590"},"modified":"2020-11-04T02:36:48","modified_gmt":"2020-11-04T01:36:48","slug":"covid-19-falta-de-internet-e-equipamentos-trama-alunos","status":"publish","type":"post","link":"https:\/\/www.ticmais.pt\/?p=6590","title":{"rendered":"COVID-19: Falta de internet e equipamentos trama alunos"},"content":{"rendered":"<p><img decoding=\"async\" class=\"alignleft\" src=\"https:\/\/www.ticmais.pt\/ticmais\/imagens\/COVID-19Faltadeinterneteequipamentostramaalunos.jpg\" \/><\/p>\n<p style=\"text-align: justify;\">A internet \u00e9 hoje um bem essencial! O mundo continua em estado de pandemia e os n\u00fameros t\u00eam aumentado drasticamente todos os dias. A COVID-19 afeta todas as \u00e1reas da sociedade onde se inclui a educa\u00e7\u00e3o. Em Portugal, depois de uma primeira fase de infe\u00e7\u00f5es onde todos fomos apanhados quase de surpresa, foi necess\u00e1rio arranjar alternativas \u00e0s aulas presenciais.<br \/>\nAs aulas atrav\u00e9s da internet t\u00eam sido a solu\u00e7\u00e3o, mas o pa\u00eds continua a n\u00e3o estar preparado para esta segunda vaga (que tem sido mais forte). <a href=\"https:\/\/pplware.sapo.pt\/informacao\/covid-19-falta-de-internet-e-equipamentos-trama-alunos\/\">Mais&#8230;<\/a><\/p>\n","protected":false},"excerpt":{"rendered":"<p>A internet \u00e9 hoje um bem essencial! O mundo continua em estado de pandemia e os n\u00fameros t\u00eam aumentado drasticamente todos os dias. A COVID-19 afeta todas as \u00e1reas da sociedade onde se inclui a educa\u00e7\u00e3o. Em Portugal, depois de uma primeira fase de infe\u00e7\u00f5es onde todos fomos apanhados quase de surpresa, foi necess\u00e1rio arranjar [&hellip;]<\/p>\n","protected":false},"author":1,"featured_media":0,"comment_status":"closed","ping_status":"closed","sticky":false,"template":"","format":"standard","meta":{"footnotes":""},"categories":[15],"tags":[4195,3848,3903,4196,34,132],"class_list":["post-6590","post","type-post","status-publish","format-standard","hentry","category-tic-mais","tag-atep","tag-covid-19","tag-ensino-online","tag-fenprof","tag-internet","tag-portugal"],"_links":{"self":[{"href":"https:\/\/www.ticmais.pt\/index.php?rest_route=\/wp\/v2\/posts\/6590","targetHints":{"allow":["GET"]}}],"collection":[{"href":"https:\/\/www.ticmais.pt\/index.php?rest_route=\/wp\/v2\/posts"}],"about":[{"href":"https:\/\/www.ticmais.pt\/index.php?rest_route=\/wp\/v2\/types\/post"}],"author":[{"embeddable":true,"href":"https:\/\/www.ticmais.pt\/index.php?rest_route=\/wp\/v2\/users\/1"}],"replies":[{"embeddable":true,"href":"https:\/\/www.ticmais.pt\/index.php?rest_route=%2Fwp%2Fv2%2Fcomments&post=6590"}],"version-history":[{"count":0,"href":"https:\/\/www.ticmais.pt\/index.php?rest_route=\/wp\/v2\/posts\/6590\/revisions"}],"wp:attachment":[{"href":"https:\/\/www.ticmais.pt\/index.php?rest_route=%2Fwp%2Fv2%2Fmedia&parent=6590"}],"wp:term":[{"taxonomy":"category","embeddable":true,"href":"https:\/\/www.ticmais.pt\/index.php?rest_route=%2Fwp%2Fv2%2Fcategories&post=6590"},{"taxonomy":"post_tag","embeddable":true,"href":"https:\/\/www.ticmais.pt\/index.php?rest_route=%2Fwp%2Fv2%2Ftags&post=6590"}],"curies":[{"name":"wp","href":"https:\/\/api.w.org\/{rel}","templated":true}]}}