{"id":6599,"date":"2020-11-10T20:30:16","date_gmt":"2020-11-10T19:30:16","guid":{"rendered":"https:\/\/www.ticmais.pt\/?p=6599"},"modified":"2020-11-10T20:31:38","modified_gmt":"2020-11-10T19:31:38","slug":"talento-e-competencias-qual-a-importancia-da-formacao-profissional-nas-transicoes-verdes-e-digitais","status":"publish","type":"post","link":"https:\/\/www.ticmais.pt\/?p=6599","title":{"rendered":"Talento e compet\u00eancias: Qual a import\u00e2ncia da forma\u00e7\u00e3o profissional nas transi\u00e7\u00f5es verdes e digitais?"},"content":{"rendered":"<p style=\"text-align: justify;\"><img decoding=\"async\" class=\"alignleft\" src=\"https:\/\/www.ticmais.pt\/ticmais\/imagens\/TalentoecompetnciasQualaimportnciadaformaoprofissionalnastransiesverdesedigitais.jpg\" \/><\/p>\n<p style=\"text-align: justify;\">Lan\u00e7ada em 2016, a iniciativa pretende destacar os benef\u00edcios da forma\u00e7\u00e3o profissional em pessoas de qualquer idade com eventos e atividades um pouco por toda a Uni\u00e3o Europeia. Este ano, a European Vocational Skills Week 2020 decorre apenas em formato digital. <a href=\"https:\/\/tek.sapo.pt\/extras\/site-do-dia\/artigos\/talento-e-competencias-qual-a-importancia-da-formacao-profissional-nas-transicoes-verdes-e-digitais\">Mais&#8230;<\/a><\/p>\n","protected":false},"excerpt":{"rendered":"<p>Lan\u00e7ada em 2016, a iniciativa pretende destacar os benef\u00edcios da forma\u00e7\u00e3o profissional em pessoas de qualquer idade com eventos e atividades um pouco por toda a Uni\u00e3o Europeia. Este ano, a European Vocational Skills Week 2020 decorre apenas em formato digital. Mais&#8230;<\/p>\n","protected":false},"author":1,"featured_media":0,"comment_status":"closed","ping_status":"closed","sticky":false,"template":"","format":"standard","meta":{"footnotes":""},"categories":[15],"tags":[1356,1870,4215,4085,4214],"class_list":["post-6599","post","type-post","status-publish","format-standard","hentry","category-tic-mais","tag-competencias","tag-digitais","tag-european-vocational-skills-week-2020","tag-formacao-digital","tag-talento"],"_links":{"self":[{"href":"https:\/\/www.ticmais.pt\/index.php?rest_route=\/wp\/v2\/posts\/6599","targetHints":{"allow":["GET"]}}],"collection":[{"href":"https:\/\/www.ticmais.pt\/index.php?rest_route=\/wp\/v2\/posts"}],"about":[{"href":"https:\/\/www.ticmais.pt\/index.php?rest_route=\/wp\/v2\/types\/post"}],"author":[{"embeddable":true,"href":"https:\/\/www.ticmais.pt\/index.php?rest_route=\/wp\/v2\/users\/1"}],"replies":[{"embeddable":true,"href":"https:\/\/www.ticmais.pt\/index.php?rest_route=%2Fwp%2Fv2%2Fcomments&post=6599"}],"version-history":[{"count":0,"href":"https:\/\/www.ticmais.pt\/index.php?rest_route=\/wp\/v2\/posts\/6599\/revisions"}],"wp:attachment":[{"href":"https:\/\/www.ticmais.pt\/index.php?rest_route=%2Fwp%2Fv2%2Fmedia&parent=6599"}],"wp:term":[{"taxonomy":"category","embeddable":true,"href":"https:\/\/www.ticmais.pt\/index.php?rest_route=%2Fwp%2Fv2%2Fcategories&post=6599"},{"taxonomy":"post_tag","embeddable":true,"href":"https:\/\/www.ticmais.pt\/index.php?rest_route=%2Fwp%2Fv2%2Ftags&post=6599"}],"curies":[{"name":"wp","href":"https:\/\/api.w.org\/{rel}","templated":true}]}}