{"id":6602,"date":"2020-11-13T12:38:45","date_gmt":"2020-11-13T11:38:45","guid":{"rendered":"https:\/\/www.ticmais.pt\/?p=6602"},"modified":"2020-11-13T12:38:45","modified_gmt":"2020-11-13T11:38:45","slug":"facturas-avultadas-da-aguas-do-ribatejo-geram-revolta-e-queixa-conjunta","status":"publish","type":"post","link":"https:\/\/www.ticmais.pt\/?p=6602","title":{"rendered":"Facturas avultadas da \u00c1guas do Ribatejo geram revolta e queixa conjunta"},"content":{"rendered":"<p><img decoding=\"async\" class=\"alignleft\" src=\"https:\/\/www.ticmais.pt\/ticmais\/imagens\/FacturasavultadasdaguasdoRibatejogeramrevoltaequeixaconjunta.png\" \/><\/p>\n<p style=\"text-align: justify;\">Facturas da \u00e1gua com valores exorbitantes est\u00e3o a causar revolta e contesta\u00e7\u00e3o contra a empresa intermunicipal \u00c1guas do Ribatejo, que presta servi\u00e7o a 150 mil clientes de sete concelhos do distrito de Santar\u00e9m. O MIRANTE tem percorrido a regi\u00e3o e encontrou clientes com facturas com valores avultados que nalguns casos ultrapassam os mil euros. Em Almeirim, um grupo de cidad\u00e3os que est\u00e1 a estudar estatutos para criar um movimento c\u00edvico est\u00e1 a recolher facturas que quer fazer chegar ao Minist\u00e9rio P\u00fablico. <a href=\"https:\/\/omirante.pt\/omirantetv\/2020-11-13-Facturas-avultadas-da-Aguas-do-Ribatejo-geram-revolta-e-queixa-conjunta\">Mais&#8230;<\/a><\/p>\n","protected":false},"excerpt":{"rendered":"<p>Facturas da \u00e1gua com valores exorbitantes est\u00e3o a causar revolta e contesta\u00e7\u00e3o contra a empresa intermunicipal \u00c1guas do Ribatejo, que presta servi\u00e7o a 150 mil clientes de sete concelhos do distrito de Santar\u00e9m. O MIRANTE tem percorrido a regi\u00e3o e encontrou clientes com facturas com valores avultados que nalguns casos ultrapassam os mil euros. Em [&hellip;]<\/p>\n","protected":false},"author":1,"featured_media":0,"comment_status":"closed","ping_status":"closed","sticky":false,"template":"","format":"standard","meta":{"footnotes":""},"categories":[15],"tags":[3928,518,4220,4180,4219,4218,4217],"class_list":["post-6602","post","type-post","status-publish","format-standard","hentry","category-tic-mais","tag-aguas-do-ribatejo","tag-consumidores","tag-elevadas","tag-faturas","tag-ministerio-publico","tag-movimento-civico","tag-queixa-conjunta"],"_links":{"self":[{"href":"https:\/\/www.ticmais.pt\/index.php?rest_route=\/wp\/v2\/posts\/6602","targetHints":{"allow":["GET"]}}],"collection":[{"href":"https:\/\/www.ticmais.pt\/index.php?rest_route=\/wp\/v2\/posts"}],"about":[{"href":"https:\/\/www.ticmais.pt\/index.php?rest_route=\/wp\/v2\/types\/post"}],"author":[{"embeddable":true,"href":"https:\/\/www.ticmais.pt\/index.php?rest_route=\/wp\/v2\/users\/1"}],"replies":[{"embeddable":true,"href":"https:\/\/www.ticmais.pt\/index.php?rest_route=%2Fwp%2Fv2%2Fcomments&post=6602"}],"version-history":[{"count":0,"href":"https:\/\/www.ticmais.pt\/index.php?rest_route=\/wp\/v2\/posts\/6602\/revisions"}],"wp:attachment":[{"href":"https:\/\/www.ticmais.pt\/index.php?rest_route=%2Fwp%2Fv2%2Fmedia&parent=6602"}],"wp:term":[{"taxonomy":"category","embeddable":true,"href":"https:\/\/www.ticmais.pt\/index.php?rest_route=%2Fwp%2Fv2%2Fcategories&post=6602"},{"taxonomy":"post_tag","embeddable":true,"href":"https:\/\/www.ticmais.pt\/index.php?rest_route=%2Fwp%2Fv2%2Ftags&post=6602"}],"curies":[{"name":"wp","href":"https:\/\/api.w.org\/{rel}","templated":true}]}}