{"id":6606,"date":"2020-11-15T17:24:38","date_gmt":"2020-11-15T16:24:38","guid":{"rendered":"https:\/\/www.ticmais.pt\/?p=6606"},"modified":"2020-11-15T17:26:13","modified_gmt":"2020-11-15T16:26:13","slug":"seguranet-esta-a-procura-dos-novos-lideres-digitais-e-as-inscricoes-estao-abertas-do-1o-ao-12o-ano","status":"publish","type":"post","link":"https:\/\/www.ticmais.pt\/?p=6606","title":{"rendered":"SeguraNet est\u00e1 \u00e0 procura dos novos L\u00edderes Digitais e as inscri\u00e7\u00f5es est\u00e3o abertas do 1\u00ba ao 12\u00ba ano"},"content":{"rendered":"<p><img decoding=\"async\" class=\"alignleft\" src=\"https:\/\/www.ticmais.pt\/ticmais\/imagens\/SeguraNetestprocuradosnovosLderesDigitaiseasinscriesestoabertasdo1ao12ano.jpg\" \/><\/p>\n<p style=\"text-align: justify;\">A forma\u00e7\u00e3o dos alunos nos temas relacionados com os desafios digitais \u00e9 o principal foco da iniciativa L\u00edderes Digitais, desenvolvida pelo Centro de Sensibiliza\u00e7\u00e3o SeguraNet, da Dire\u00e7\u00e3o-Geral da Educa\u00e7\u00e3o. A ideia \u00e9 envolver alunos e professores ao longo do ano letivo, com a\u00e7\u00f5es de sensibiliza\u00e7\u00e3o que s\u00e3o dirigidas \u00e0 comunidade educativa em que se inserem, contribuindo para assim para o desenvolvimento da Cidadania Digital. <a href=\"https:\/\/tek.sapo.pt\/extras\/site-do-dia\/artigos\/seguranet-esta-a-procura-dos-novos-lideres-digitais-e-as-inscricoes-estao-abertas-do-1o-ao-12o-ano\">Mais&#8230;<\/a><\/p>\n<p>&nbsp;<\/p>\n","protected":false},"excerpt":{"rendered":"<p>A forma\u00e7\u00e3o dos alunos nos temas relacionados com os desafios digitais \u00e9 o principal foco da iniciativa L\u00edderes Digitais, desenvolvida pelo Centro de Sensibiliza\u00e7\u00e3o SeguraNet, da Dire\u00e7\u00e3o-Geral da Educa\u00e7\u00e3o. A ideia \u00e9 envolver alunos e professores ao longo do ano letivo, com a\u00e7\u00f5es de sensibiliza\u00e7\u00e3o que s\u00e3o dirigidas \u00e0 comunidade educativa em que se inserem, [&hellip;]<\/p>\n","protected":false},"author":1,"featured_media":0,"comment_status":"closed","ping_status":"closed","sticky":false,"template":"","format":"standard","meta":{"footnotes":""},"categories":[15],"tags":[3033,21,2017,4225,4224],"class_list":["post-6606","post","type-post","status-publish","format-standard","hentry","category-tic-mais","tag-direcao-geral-da-educacao","tag-formacao","tag-iniciativa","tag-lideres-digitais","tag-seguranet"],"_links":{"self":[{"href":"https:\/\/www.ticmais.pt\/index.php?rest_route=\/wp\/v2\/posts\/6606","targetHints":{"allow":["GET"]}}],"collection":[{"href":"https:\/\/www.ticmais.pt\/index.php?rest_route=\/wp\/v2\/posts"}],"about":[{"href":"https:\/\/www.ticmais.pt\/index.php?rest_route=\/wp\/v2\/types\/post"}],"author":[{"embeddable":true,"href":"https:\/\/www.ticmais.pt\/index.php?rest_route=\/wp\/v2\/users\/1"}],"replies":[{"embeddable":true,"href":"https:\/\/www.ticmais.pt\/index.php?rest_route=%2Fwp%2Fv2%2Fcomments&post=6606"}],"version-history":[{"count":0,"href":"https:\/\/www.ticmais.pt\/index.php?rest_route=\/wp\/v2\/posts\/6606\/revisions"}],"wp:attachment":[{"href":"https:\/\/www.ticmais.pt\/index.php?rest_route=%2Fwp%2Fv2%2Fmedia&parent=6606"}],"wp:term":[{"taxonomy":"category","embeddable":true,"href":"https:\/\/www.ticmais.pt\/index.php?rest_route=%2Fwp%2Fv2%2Fcategories&post=6606"},{"taxonomy":"post_tag","embeddable":true,"href":"https:\/\/www.ticmais.pt\/index.php?rest_route=%2Fwp%2Fv2%2Ftags&post=6606"}],"curies":[{"name":"wp","href":"https:\/\/api.w.org\/{rel}","templated":true}]}}