{"id":6619,"date":"2020-12-03T17:59:41","date_gmt":"2020-12-03T16:59:41","guid":{"rendered":"https:\/\/www.ticmais.pt\/?p=6619"},"modified":"2020-12-03T17:59:41","modified_gmt":"2020-12-03T16:59:41","slug":"trabalhadores-tem-de-ter-direito-a-desligar-resolucao-foi-aprovada-pelo-comite-do-emprego-europeu","status":"publish","type":"post","link":"https:\/\/www.ticmais.pt\/?p=6619","title":{"rendered":"Trabalhadores t\u00eam de ter direito a &#8220;desligar&#8221;. Resolu\u00e7\u00e3o foi aprovada pelo Comit\u00e9 do Emprego europeu"},"content":{"rendered":"<p><img decoding=\"async\" class=\"alignleft\" src=\"https:\/\/www.ticmais.pt\/ticmais\/imagens\/Trabalhadorestmdeterdireitoadesligar.ResoluofoiaprovadapeloComitdoEmpregoeuropeu.jpg\" \/><\/p>\n<p style=\"text-align: justify;\">O organismo considera fundamental que os pa\u00edses da UE adotem medidas para que os trabalhadores possam n\u00e3o estar &#8220;ligados&#8221; fora do hor\u00e1rio do trabalho, sem sofrerem qualquer repres\u00e1lias. Em cima da mesa est\u00e1 sobretudo a garantia da sa\u00fade. <a href=\"https:\/\/tek.sapo.pt\/noticias\/internet\/artigos\/trabalhadores-tem-de-ter-direito-a-desligar-resolucao-foi-aprovada-pelo-comite-do-emprego-europeu\">Mais&#8230;<\/a><\/p>\n","protected":false},"excerpt":{"rendered":"<p>O organismo considera fundamental que os pa\u00edses da UE adotem medidas para que os trabalhadores possam n\u00e3o estar &#8220;ligados&#8221; fora do hor\u00e1rio do trabalho, sem sofrerem qualquer repres\u00e1lias. Em cima da mesa est\u00e1 sobretudo a garantia da sa\u00fade. Mais&#8230;<\/p>\n","protected":false},"author":1,"featured_media":0,"comment_status":"closed","ping_status":"closed","sticky":false,"template":"","format":"standard","meta":{"footnotes":""},"categories":[15],"tags":[4236,248,4237,3995,1090,109,99],"class_list":["post-6619","post","type-post","status-publish","format-standard","hentry","category-tic-mais","tag-comite-do-emprego","tag-parlamento-europeu","tag-resolucao","tag-teletrabalho","tag-trabalhadores","tag-ue","tag-uniao-europeia"],"_links":{"self":[{"href":"https:\/\/www.ticmais.pt\/index.php?rest_route=\/wp\/v2\/posts\/6619","targetHints":{"allow":["GET"]}}],"collection":[{"href":"https:\/\/www.ticmais.pt\/index.php?rest_route=\/wp\/v2\/posts"}],"about":[{"href":"https:\/\/www.ticmais.pt\/index.php?rest_route=\/wp\/v2\/types\/post"}],"author":[{"embeddable":true,"href":"https:\/\/www.ticmais.pt\/index.php?rest_route=\/wp\/v2\/users\/1"}],"replies":[{"embeddable":true,"href":"https:\/\/www.ticmais.pt\/index.php?rest_route=%2Fwp%2Fv2%2Fcomments&post=6619"}],"version-history":[{"count":0,"href":"https:\/\/www.ticmais.pt\/index.php?rest_route=\/wp\/v2\/posts\/6619\/revisions"}],"wp:attachment":[{"href":"https:\/\/www.ticmais.pt\/index.php?rest_route=%2Fwp%2Fv2%2Fmedia&parent=6619"}],"wp:term":[{"taxonomy":"category","embeddable":true,"href":"https:\/\/www.ticmais.pt\/index.php?rest_route=%2Fwp%2Fv2%2Fcategories&post=6619"},{"taxonomy":"post_tag","embeddable":true,"href":"https:\/\/www.ticmais.pt\/index.php?rest_route=%2Fwp%2Fv2%2Ftags&post=6619"}],"curies":[{"name":"wp","href":"https:\/\/api.w.org\/{rel}","templated":true}]}}