{"id":6620,"date":"2020-12-03T20:10:43","date_gmt":"2020-12-03T19:10:43","guid":{"rendered":"https:\/\/www.ticmais.pt\/?p=6620"},"modified":"2020-12-03T20:11:50","modified_gmt":"2020-12-03T19:11:50","slug":"web-summit-frans-timmermans-ve-portugal-na-pole-position-da-transicao-energetica","status":"publish","type":"post","link":"https:\/\/www.ticmais.pt\/?p=6620","title":{"rendered":"Web Summit: Frans Timmermans v\u00ea Portugal na \u201cpole position da transi\u00e7\u00e3o energ\u00e9tica\u201d"},"content":{"rendered":"<p><img decoding=\"async\" class=\"alignleft\" src=\"https:\/\/www.ticmais.pt\/ticmais\/imagens\/WebSummitFransTimmermansvPortugalnapolepositiondatransioenergtica.jpg\" \/><\/p>\n<p style=\"text-align: justify;\">\u201cPortugal \u00e9 uma das for\u00e7as motrizes do Pacto Verde Europeu, tem uma popula\u00e7\u00e3o \u00e1vida e conhecedora de tecnologia e disp\u00f5e de todas as condi\u00e7\u00f5es para estar na \u2018<em>pole position<\/em>\u2019 da transi\u00e7\u00e3o energ\u00e9tica, pois tem sol, vento e mar, que s\u00e3o os recursos naturais mais importantes para o desenvolvimento das energias verdes\u201d, declarou o dirigente da CE, numa interven\u00e7\u00e3o na Web Summit, elogiando o \u201cempenho geral\u201d da sociedade portuguesa. <a href=\"https:\/\/visao.sapo.pt\/atualidade\/ambiente\/2020-12-02-web-summit-frans-timmermans-ve-portugal-na-pole-position-da-transicao-energetica\/\">Mais&#8230;<\/a><\/p>\n","protected":false},"excerpt":{"rendered":"<p>\u201cPortugal \u00e9 uma das for\u00e7as motrizes do Pacto Verde Europeu, tem uma popula\u00e7\u00e3o \u00e1vida e conhecedora de tecnologia e disp\u00f5e de todas as condi\u00e7\u00f5es para estar na \u2018pole position\u2019 da transi\u00e7\u00e3o energ\u00e9tica, pois tem sol, vento e mar, que s\u00e3o os recursos naturais mais importantes para o desenvolvimento das energias verdes\u201d, declarou o dirigente da [&hellip;]<\/p>\n","protected":false},"author":1,"featured_media":0,"comment_status":"closed","ping_status":"closed","sticky":false,"template":"","format":"standard","meta":{"footnotes":""},"categories":[15],"tags":[4240,4239,132,4238,99,3248],"class_list":["post-6620","post","type-post","status-publish","format-standard","hentry","category-tic-mais","tag-frans-timmermans","tag-pacto-verde-europeu","tag-portugal","tag-transicao-energetica","tag-uniao-europeia","tag-web-summit"],"_links":{"self":[{"href":"https:\/\/www.ticmais.pt\/index.php?rest_route=\/wp\/v2\/posts\/6620","targetHints":{"allow":["GET"]}}],"collection":[{"href":"https:\/\/www.ticmais.pt\/index.php?rest_route=\/wp\/v2\/posts"}],"about":[{"href":"https:\/\/www.ticmais.pt\/index.php?rest_route=\/wp\/v2\/types\/post"}],"author":[{"embeddable":true,"href":"https:\/\/www.ticmais.pt\/index.php?rest_route=\/wp\/v2\/users\/1"}],"replies":[{"embeddable":true,"href":"https:\/\/www.ticmais.pt\/index.php?rest_route=%2Fwp%2Fv2%2Fcomments&post=6620"}],"version-history":[{"count":0,"href":"https:\/\/www.ticmais.pt\/index.php?rest_route=\/wp\/v2\/posts\/6620\/revisions"}],"wp:attachment":[{"href":"https:\/\/www.ticmais.pt\/index.php?rest_route=%2Fwp%2Fv2%2Fmedia&parent=6620"}],"wp:term":[{"taxonomy":"category","embeddable":true,"href":"https:\/\/www.ticmais.pt\/index.php?rest_route=%2Fwp%2Fv2%2Fcategories&post=6620"},{"taxonomy":"post_tag","embeddable":true,"href":"https:\/\/www.ticmais.pt\/index.php?rest_route=%2Fwp%2Fv2%2Ftags&post=6620"}],"curies":[{"name":"wp","href":"https:\/\/api.w.org\/{rel}","templated":true}]}}