{"id":6627,"date":"2020-12-17T03:22:04","date_gmt":"2020-12-17T02:22:04","guid":{"rendered":"https:\/\/www.ticmais.pt\/?p=6627"},"modified":"2020-12-17T03:24:46","modified_gmt":"2020-12-17T02:24:46","slug":"opiniao-a-presidencia-portuguesa-do-conselho-europeu-e-a-nova-legislacao-digital","status":"publish","type":"post","link":"https:\/\/www.ticmais.pt\/?p=6627","title":{"rendered":"Opini\u00e3o: A presid\u00eancia Portuguesa do Conselho Europeu e a (nova) legisla\u00e7\u00e3o digital"},"content":{"rendered":"<p><img decoding=\"async\" class=\"alignleft\" src=\"https:\/\/www.ticmais.pt\/ticmais\/imagens\/OpinioApresidnciaPortuguesadoConselhoEuropeueanovalegislaodigital.jpg\" \/><\/p>\n<p style=\"text-align: justify;\">Na sequ\u00eancia da aprova\u00e7\u00e3o da proposta do Digital Services Act e do Digital Markets Act pela Comiss\u00e3o Europeia, Alisson Avila aborda neste artigo de opini\u00e3o as mudan\u00e7as e os impactos que pode trazer para a economia digital, mas tamb\u00e9m o posicionamento da presid\u00eancia portuguesa do conselho europeu nestas mat\u00e9rias. <a href=\"https:\/\/tek.sapo.pt\/opiniao\/artigos\/opiniao-a-presidencia-portuguesa-do-conselho-europeu-e-a-nova-legislacao-digital\">Mais&#8230;<\/a><\/p>\n","protected":false},"excerpt":{"rendered":"<p>Na sequ\u00eancia da aprova\u00e7\u00e3o da proposta do Digital Services Act e do Digital Markets Act pela Comiss\u00e3o Europeia, Alisson Avila aborda neste artigo de opini\u00e3o as mudan\u00e7as e os impactos que pode trazer para a economia digital, mas tamb\u00e9m o posicionamento da presid\u00eancia portuguesa do conselho europeu nestas mat\u00e9rias. Mais&#8230;<\/p>\n","protected":false},"author":1,"featured_media":0,"comment_status":"closed","ping_status":"closed","sticky":false,"template":"","format":"standard","meta":{"footnotes":""},"categories":[15],"tags":[1929,4250,4253,4252,4254,132,4251,99],"class_list":["post-6627","post","type-post","status-publish","format-standard","hentry","category-tic-mais","tag-comissao-europeia","tag-conselho-europeu","tag-digital-markets-act","tag-digital-services-act","tag-legislacao-digital","tag-portugal","tag-presidencia","tag-uniao-europeia"],"_links":{"self":[{"href":"https:\/\/www.ticmais.pt\/index.php?rest_route=\/wp\/v2\/posts\/6627","targetHints":{"allow":["GET"]}}],"collection":[{"href":"https:\/\/www.ticmais.pt\/index.php?rest_route=\/wp\/v2\/posts"}],"about":[{"href":"https:\/\/www.ticmais.pt\/index.php?rest_route=\/wp\/v2\/types\/post"}],"author":[{"embeddable":true,"href":"https:\/\/www.ticmais.pt\/index.php?rest_route=\/wp\/v2\/users\/1"}],"replies":[{"embeddable":true,"href":"https:\/\/www.ticmais.pt\/index.php?rest_route=%2Fwp%2Fv2%2Fcomments&post=6627"}],"version-history":[{"count":0,"href":"https:\/\/www.ticmais.pt\/index.php?rest_route=\/wp\/v2\/posts\/6627\/revisions"}],"wp:attachment":[{"href":"https:\/\/www.ticmais.pt\/index.php?rest_route=%2Fwp%2Fv2%2Fmedia&parent=6627"}],"wp:term":[{"taxonomy":"category","embeddable":true,"href":"https:\/\/www.ticmais.pt\/index.php?rest_route=%2Fwp%2Fv2%2Fcategories&post=6627"},{"taxonomy":"post_tag","embeddable":true,"href":"https:\/\/www.ticmais.pt\/index.php?rest_route=%2Fwp%2Fv2%2Ftags&post=6627"}],"curies":[{"name":"wp","href":"https:\/\/api.w.org\/{rel}","templated":true}]}}