{"id":6630,"date":"2020-12-21T23:05:27","date_gmt":"2020-12-21T22:05:27","guid":{"rendered":"https:\/\/www.ticmais.pt\/?p=6630"},"modified":"2020-12-21T23:06:28","modified_gmt":"2020-12-21T22:06:28","slug":"no-dia-22-comeca-a-primeira-ronda-de-licitacoes-do-leilao-5g-para-novos-entrantes-nowo-devera-apresentar-proposta","status":"publish","type":"post","link":"https:\/\/www.ticmais.pt\/?p=6630","title":{"rendered":"No dia 22 come\u00e7a a primeira ronda de licita\u00e7\u00f5es do leil\u00e3o 5G para novos entrantes. Nowo dever\u00e1 apresentar proposta"},"content":{"rendered":"<p><img decoding=\"async\" class=\"alignleft\" src=\"https:\/\/www.ticmais.pt\/ticmais\/imagens\/Nodia22comeaaprimeirarondadelicitaesdoleilo5Gparanovosentrantes.Nowodeverapresentarproposta1.jpg\" \/><\/p>\n<p style=\"text-align: justify;\">Depois de uma primeira fase do leil\u00e3o do espectro do 5G aberta \u00e0s operadoras ligadas ao sector das telecomunica\u00e7\u00f5es em Portugal, a pr\u00f3xima fase tem in\u00edcio amanh\u00e3, dia 22 de dezembro, desta vez destinada a novos estreantes no mercado, avan\u00e7a o Neg\u00f3cios.\u00a0 <a href=\"https:\/\/tek.sapo.pt\/noticias\/telecomunicacoes\/artigos\/no-dia-22-comeca-a-primeira-ronda-de-licitacoes-do-leilao-5g-para-novos-entrantes-nowo-devera-apresentar-proposta\">Mais&#8230;<\/a><\/p>\n","protected":false},"excerpt":{"rendered":"<p>Depois de uma primeira fase do leil\u00e3o do espectro do 5G aberta \u00e0s operadoras ligadas ao sector das telecomunica\u00e7\u00f5es em Portugal, a pr\u00f3xima fase tem in\u00edcio amanh\u00e3, dia 22 de dezembro, desta vez destinada a novos estreantes no mercado, avan\u00e7a o Neg\u00f3cios.\u00a0 Mais&#8230;<\/p>\n","protected":false},"author":1,"featured_media":0,"comment_status":"closed","ping_status":"closed","sticky":false,"template":"","format":"standard","meta":{"footnotes":""},"categories":[15],"tags":[2701,413,4194,897],"class_list":["post-6630","post","type-post","status-publish","format-standard","hentry","category-tic-mais","tag-5g","tag-anacom","tag-leilao","tag-operadoras"],"_links":{"self":[{"href":"https:\/\/www.ticmais.pt\/index.php?rest_route=\/wp\/v2\/posts\/6630","targetHints":{"allow":["GET"]}}],"collection":[{"href":"https:\/\/www.ticmais.pt\/index.php?rest_route=\/wp\/v2\/posts"}],"about":[{"href":"https:\/\/www.ticmais.pt\/index.php?rest_route=\/wp\/v2\/types\/post"}],"author":[{"embeddable":true,"href":"https:\/\/www.ticmais.pt\/index.php?rest_route=\/wp\/v2\/users\/1"}],"replies":[{"embeddable":true,"href":"https:\/\/www.ticmais.pt\/index.php?rest_route=%2Fwp%2Fv2%2Fcomments&post=6630"}],"version-history":[{"count":0,"href":"https:\/\/www.ticmais.pt\/index.php?rest_route=\/wp\/v2\/posts\/6630\/revisions"}],"wp:attachment":[{"href":"https:\/\/www.ticmais.pt\/index.php?rest_route=%2Fwp%2Fv2%2Fmedia&parent=6630"}],"wp:term":[{"taxonomy":"category","embeddable":true,"href":"https:\/\/www.ticmais.pt\/index.php?rest_route=%2Fwp%2Fv2%2Fcategories&post=6630"},{"taxonomy":"post_tag","embeddable":true,"href":"https:\/\/www.ticmais.pt\/index.php?rest_route=%2Fwp%2Fv2%2Ftags&post=6630"}],"curies":[{"name":"wp","href":"https:\/\/api.w.org\/{rel}","templated":true}]}}