{"id":6632,"date":"2021-01-02T03:32:39","date_gmt":"2021-01-02T02:32:39","guid":{"rendered":"https:\/\/www.ticmais.pt\/?p=6632"},"modified":"2021-01-02T03:32:39","modified_gmt":"2021-01-02T02:32:39","slug":"inclusao-digital-e-equilibrio-de-genero-vao-ser-os-motores-da-inclusao-social-e-desenvolvimento-economico-para-2021","status":"publish","type":"post","link":"https:\/\/www.ticmais.pt\/?p=6632","title":{"rendered":"Inclus\u00e3o digital e equil\u00edbrio de g\u00e9nero v\u00e3o ser os motores da inclus\u00e3o social e desenvolvimento econ\u00f3mico para 2021"},"content":{"rendered":"<p><img decoding=\"async\" class=\"alignleft\" src=\"https:\/\/www.ticmais.pt\/ticmais\/imagens\/Inclusodigitaleequilbriodegnerovoserosmotoresdainclusosocialedesenvolvimentoeconmicopara2021.png\" \/><\/p>\n<p style=\"text-align: justify;\">Em 2020 as desigualdades foram ainda mais evidentes e os mais fr\u00e1geis e vulner\u00e1veis sofreram particularmente com a pandemia da COVID-19. Luisa Ribeiro Lopes acredita que em 2021 h\u00e1 sinais positivos para a Inclus\u00e3o digital e equil\u00edbrio de g\u00e9nero. <a href=\"https:\/\/tek.sapo.pt\/opiniao\/artigos\/inclusao-digital-e-equilibrio-de-genero-vao-ser-os-motores-da-inclusao-social-e-desenvolvimento-economico-para-2021\">Mais&#8230;<\/a><\/p>\n","protected":false},"excerpt":{"rendered":"<p>Em 2020 as desigualdades foram ainda mais evidentes e os mais fr\u00e1geis e vulner\u00e1veis sofreram particularmente com a pandemia da COVID-19. Luisa Ribeiro Lopes acredita que em 2021 h\u00e1 sinais positivos para a Inclus\u00e3o digital e equil\u00edbrio de g\u00e9nero. Mais&#8230;<\/p>\n","protected":false},"author":1,"featured_media":0,"comment_status":"closed","ping_status":"closed","sticky":false,"template":"","format":"standard","meta":{"footnotes":""},"categories":[15],"tags":[8,132],"class_list":["post-6632","post","type-post","status-publish","format-standard","hentry","category-tic-mais","tag-inclusao-digital","tag-portugal"],"_links":{"self":[{"href":"https:\/\/www.ticmais.pt\/index.php?rest_route=\/wp\/v2\/posts\/6632","targetHints":{"allow":["GET"]}}],"collection":[{"href":"https:\/\/www.ticmais.pt\/index.php?rest_route=\/wp\/v2\/posts"}],"about":[{"href":"https:\/\/www.ticmais.pt\/index.php?rest_route=\/wp\/v2\/types\/post"}],"author":[{"embeddable":true,"href":"https:\/\/www.ticmais.pt\/index.php?rest_route=\/wp\/v2\/users\/1"}],"replies":[{"embeddable":true,"href":"https:\/\/www.ticmais.pt\/index.php?rest_route=%2Fwp%2Fv2%2Fcomments&post=6632"}],"version-history":[{"count":0,"href":"https:\/\/www.ticmais.pt\/index.php?rest_route=\/wp\/v2\/posts\/6632\/revisions"}],"wp:attachment":[{"href":"https:\/\/www.ticmais.pt\/index.php?rest_route=%2Fwp%2Fv2%2Fmedia&parent=6632"}],"wp:term":[{"taxonomy":"category","embeddable":true,"href":"https:\/\/www.ticmais.pt\/index.php?rest_route=%2Fwp%2Fv2%2Fcategories&post=6632"},{"taxonomy":"post_tag","embeddable":true,"href":"https:\/\/www.ticmais.pt\/index.php?rest_route=%2Fwp%2Fv2%2Ftags&post=6632"}],"curies":[{"name":"wp","href":"https:\/\/api.w.org\/{rel}","templated":true}]}}