{"id":6641,"date":"2021-01-26T01:17:37","date_gmt":"2021-01-26T00:17:37","guid":{"rendered":"https:\/\/www.ticmais.pt\/?p=6641"},"modified":"2021-01-26T01:18:30","modified_gmt":"2021-01-26T00:18:30","slug":"inclusao-digital-e-equilibrio-de-genero-vao-ser-os-motores-da-inclusao-social-e-desenvolvimento-economico-para-2021-2","status":"publish","type":"post","link":"https:\/\/www.ticmais.pt\/?p=6641","title":{"rendered":"Inclus\u00e3o digital e equil\u00edbrio de g\u00e9nero v\u00e3o ser os motores da inclus\u00e3o social e desenvolvimento econ\u00f3mico para 2021"},"content":{"rendered":"<p><img decoding=\"async\" class=\"alignleft\" src=\"https:\/\/www.ticmais.pt\/ticmais\/imagens\/Incluso-digital-e-equilbrio-de-gnero-vo-ser-os-motores-da-incluso-social-e-desenvolvimento-econmico-para-2021.jpg\" \/><\/p>\n<p style=\"text-align: justify;\">Em 2020 as desigualdades foram ainda mais evidentes e os mais fr\u00e1geis e vulner\u00e1veis sofreram particularmente com a pandemia da COVID-19. Luisa Ribeiro Lopes acredita que em 2021 h\u00e1 sinais positivos para a Inclus\u00e3o digital e equil\u00edbrio de g\u00e9nero. <a href=\"https:\/\/tek.sapo.pt\/opiniao\/artigos\/inclusao-digital-e-equilibrio-de-genero-vao-ser-os-motores-da-inclusao-social-e-desenvolvimento-economico-para-2021\">Mais&#8230;<\/a><\/p>\n","protected":false},"excerpt":{"rendered":"<p>Em 2020 as desigualdades foram ainda mais evidentes e os mais fr\u00e1geis e vulner\u00e1veis sofreram particularmente com a pandemia da COVID-19. Luisa Ribeiro Lopes acredita que em 2021 h\u00e1 sinais positivos para a Inclus\u00e3o digital e equil\u00edbrio de g\u00e9nero. Mais&#8230;<\/p>\n","protected":false},"author":1,"featured_media":0,"comment_status":"closed","ping_status":"closed","sticky":false,"template":"","format":"standard","meta":{"footnotes":""},"categories":[15],"tags":[4260,8],"class_list":["post-6641","post","type-post","status-publish","format-standard","hentry","category-tic-mais","tag-equilibrio-de-genero","tag-inclusao-digital"],"_links":{"self":[{"href":"https:\/\/www.ticmais.pt\/index.php?rest_route=\/wp\/v2\/posts\/6641","targetHints":{"allow":["GET"]}}],"collection":[{"href":"https:\/\/www.ticmais.pt\/index.php?rest_route=\/wp\/v2\/posts"}],"about":[{"href":"https:\/\/www.ticmais.pt\/index.php?rest_route=\/wp\/v2\/types\/post"}],"author":[{"embeddable":true,"href":"https:\/\/www.ticmais.pt\/index.php?rest_route=\/wp\/v2\/users\/1"}],"replies":[{"embeddable":true,"href":"https:\/\/www.ticmais.pt\/index.php?rest_route=%2Fwp%2Fv2%2Fcomments&post=6641"}],"version-history":[{"count":0,"href":"https:\/\/www.ticmais.pt\/index.php?rest_route=\/wp\/v2\/posts\/6641\/revisions"}],"wp:attachment":[{"href":"https:\/\/www.ticmais.pt\/index.php?rest_route=%2Fwp%2Fv2%2Fmedia&parent=6641"}],"wp:term":[{"taxonomy":"category","embeddable":true,"href":"https:\/\/www.ticmais.pt\/index.php?rest_route=%2Fwp%2Fv2%2Fcategories&post=6641"},{"taxonomy":"post_tag","embeddable":true,"href":"https:\/\/www.ticmais.pt\/index.php?rest_route=%2Fwp%2Fv2%2Ftags&post=6641"}],"curies":[{"name":"wp","href":"https:\/\/api.w.org\/{rel}","templated":true}]}}