{"id":6646,"date":"2021-01-26T15:00:50","date_gmt":"2021-01-26T14:00:50","guid":{"rendered":"https:\/\/www.ticmais.pt\/?p=6646"},"modified":"2021-01-26T15:03:01","modified_gmt":"2021-01-26T14:03:01","slug":"anacom-portugal-e-o-quinto-pais-da-uniao-europeia-com-o-preco-dos-dados-moveis-mais-elevados","status":"publish","type":"post","link":"https:\/\/www.ticmais.pt\/?p=6646","title":{"rendered":"Anacom: Portugal \u00e9 o quinto pa\u00eds da Uni\u00e3o Europeia com o pre\u00e7o dos dados m\u00f3veis mais elevados"},"content":{"rendered":"<p><img decoding=\"async\" class=\"alignleft\" src=\"https:\/\/www.ticmais.pt\/ticmais\/imagens\/Anacom-Portugal-o-quinto-pas-da-Unio-Europeia-com-o-preo-dos-dados-mveis-mais-elevados.jpg\" \/><\/p>\n<p style=\"text-align: justify;\">A reguladora estima que em 2020 o pre\u00e7o m\u00e9dio de 1 GB de dados ficou 45% acima da m\u00e9dia europeia.<br \/>\nA Anacom publicou um novo relat\u00f3rio sobre a evolu\u00e7\u00e3o dos pre\u00e7os das telecomunica\u00e7\u00f5es em Portugal, referente a dezembro de 2020, que foram medidos atrav\u00e9s do \u00cdndice harmonizado de pre\u00e7os no consumidor (IHPC), baseado em dados do Eurostat.\u00a0 <a href=\"https:\/\/tek.sapo.pt\/noticias\/telecomunicacoes\/artigos\/anacom-portugal-e-o-quinto-pais-da-uniao-europeia-com-dados-moveis-mais-elevados\">Mais&#8230;<\/a><\/p>\n","protected":false},"excerpt":{"rendered":"<p>A reguladora estima que em 2020 o pre\u00e7o m\u00e9dio de 1 GB de dados ficou 45% acima da m\u00e9dia europeia. A Anacom publicou um novo relat\u00f3rio sobre a evolu\u00e7\u00e3o dos pre\u00e7os das telecomunica\u00e7\u00f5es em Portugal, referente a dezembro de 2020, que foram medidos atrav\u00e9s do \u00cdndice harmonizado de pre\u00e7os no consumidor (IHPC), baseado em dados [&hellip;]<\/p>\n","protected":false},"author":1,"featured_media":0,"comment_status":"closed","ping_status":"closed","sticky":false,"template":"","format":"standard","meta":{"footnotes":""},"categories":[15],"tags":[413,265,35,99],"class_list":["post-6646","post","type-post","status-publish","format-standard","hentry","category-tic-mais","tag-anacom","tag-precos","tag-telecomunicacoes","tag-uniao-europeia"],"_links":{"self":[{"href":"https:\/\/www.ticmais.pt\/index.php?rest_route=\/wp\/v2\/posts\/6646","targetHints":{"allow":["GET"]}}],"collection":[{"href":"https:\/\/www.ticmais.pt\/index.php?rest_route=\/wp\/v2\/posts"}],"about":[{"href":"https:\/\/www.ticmais.pt\/index.php?rest_route=\/wp\/v2\/types\/post"}],"author":[{"embeddable":true,"href":"https:\/\/www.ticmais.pt\/index.php?rest_route=\/wp\/v2\/users\/1"}],"replies":[{"embeddable":true,"href":"https:\/\/www.ticmais.pt\/index.php?rest_route=%2Fwp%2Fv2%2Fcomments&post=6646"}],"version-history":[{"count":0,"href":"https:\/\/www.ticmais.pt\/index.php?rest_route=\/wp\/v2\/posts\/6646\/revisions"}],"wp:attachment":[{"href":"https:\/\/www.ticmais.pt\/index.php?rest_route=%2Fwp%2Fv2%2Fmedia&parent=6646"}],"wp:term":[{"taxonomy":"category","embeddable":true,"href":"https:\/\/www.ticmais.pt\/index.php?rest_route=%2Fwp%2Fv2%2Fcategories&post=6646"},{"taxonomy":"post_tag","embeddable":true,"href":"https:\/\/www.ticmais.pt\/index.php?rest_route=%2Fwp%2Fv2%2Ftags&post=6646"}],"curies":[{"name":"wp","href":"https:\/\/api.w.org\/{rel}","templated":true}]}}