{"id":6655,"date":"2021-02-04T19:12:07","date_gmt":"2021-02-04T18:12:07","guid":{"rendered":"https:\/\/www.ticmais.pt\/?p=6655"},"modified":"2021-02-04T19:12:07","modified_gmt":"2021-02-04T18:12:07","slug":"bruxelas-pode-multar-portugal-por-nao-transpor-as-novas-regras-de-telecomunicacoes-da-uniao-europeia","status":"publish","type":"post","link":"https:\/\/www.ticmais.pt\/?p=6655","title":{"rendered":"Bruxelas pode multar Portugal por n\u00e3o transpor as novas regras de telecomunica\u00e7\u00f5es da Uni\u00e3o Europeia"},"content":{"rendered":"<p style=\"text-align: justify;\"><img decoding=\"async\" class=\"alignleft\" src=\"https:\/\/www.ticmais.pt\/ticmais\/imagens\/Bruxelas-pode-multar-Portugal-por-no-transpor-as-novas-regras-de-telecomunicaes-da-Unio-Europeia.jpg\" \/><\/p>\n<p style=\"text-align: justify;\">A Comiss\u00e3o Europeia instaurou hoje processos de infra\u00e7\u00e3o contra 24 dos 27 Estados-membros da Uni\u00e3o Europeia (UE), incluindo Portugal, por n\u00e3o terem promulgado as novas regras comunit\u00e1rias para telecomunica\u00e7\u00f5es, dando dois meses para os pa\u00edses as adotarem. <a href=\"https:\/\/tek.sapo.pt\/noticias\/telecomunicacoes\/artigos\/bruxelas-pode-multar-portugal-por-nao-transpor-as-novas-regras-de-telecomunicacoes-da-uniao-europeia\">Mais&#8230;<\/a><\/p>\n","protected":false},"excerpt":{"rendered":"<p>A Comiss\u00e3o Europeia instaurou hoje processos de infra\u00e7\u00e3o contra 24 dos 27 Estados-membros da Uni\u00e3o Europeia (UE), incluindo Portugal, por n\u00e3o terem promulgado as novas regras comunit\u00e1rias para telecomunica\u00e7\u00f5es, dando dois meses para os pa\u00edses as adotarem. Mais&#8230;<\/p>\n","protected":false},"author":1,"featured_media":0,"comment_status":"closed","ping_status":"closed","sticky":false,"template":"","format":"standard","meta":{"footnotes":""},"categories":[15],"tags":[1929,3495,2669,4275,4274,35,99],"class_list":["post-6655","post","type-post","status-publish","format-standard","hentry","category-tic-mais","tag-comissao-europeia","tag-diretiva","tag-europeia","tag-multa","tag-promulgacao","tag-telecomunicacoes","tag-uniao-europeia"],"_links":{"self":[{"href":"https:\/\/www.ticmais.pt\/index.php?rest_route=\/wp\/v2\/posts\/6655","targetHints":{"allow":["GET"]}}],"collection":[{"href":"https:\/\/www.ticmais.pt\/index.php?rest_route=\/wp\/v2\/posts"}],"about":[{"href":"https:\/\/www.ticmais.pt\/index.php?rest_route=\/wp\/v2\/types\/post"}],"author":[{"embeddable":true,"href":"https:\/\/www.ticmais.pt\/index.php?rest_route=\/wp\/v2\/users\/1"}],"replies":[{"embeddable":true,"href":"https:\/\/www.ticmais.pt\/index.php?rest_route=%2Fwp%2Fv2%2Fcomments&post=6655"}],"version-history":[{"count":0,"href":"https:\/\/www.ticmais.pt\/index.php?rest_route=\/wp\/v2\/posts\/6655\/revisions"}],"wp:attachment":[{"href":"https:\/\/www.ticmais.pt\/index.php?rest_route=%2Fwp%2Fv2%2Fmedia&parent=6655"}],"wp:term":[{"taxonomy":"category","embeddable":true,"href":"https:\/\/www.ticmais.pt\/index.php?rest_route=%2Fwp%2Fv2%2Fcategories&post=6655"},{"taxonomy":"post_tag","embeddable":true,"href":"https:\/\/www.ticmais.pt\/index.php?rest_route=%2Fwp%2Fv2%2Ftags&post=6655"}],"curies":[{"name":"wp","href":"https:\/\/api.w.org\/{rel}","templated":true}]}}