{"id":6656,"date":"2021-04-29T10:26:41","date_gmt":"2021-04-29T09:26:41","guid":{"rendered":"https:\/\/www.ticmais.pt\/?p=6656"},"modified":"2021-04-29T18:22:07","modified_gmt":"2021-04-29T17:22:07","slug":"transmissao-online-das-reunioes-da-camara-municipal-e-assembleia-municipal","status":"publish","type":"post","link":"https:\/\/www.ticmais.pt\/?p=6656","title":{"rendered":"Transmiss\u00e3o online das reuni\u00f5es da C\u00e2mara Municipal e Assembleia Municipal"},"content":{"rendered":"<p><img decoding=\"async\" class=\"alignleft\" src=\"https:\/\/www.ticmais.pt\/ticmais\/imagens\/Transmisso-online-das-reunies-da-Cmara-Municipal-Coruche.jpg\" \/><\/p>\n<p style=\"text-align: justify;\">O ticMAIS, em 31 de mar\u00e7o de 2008 (h\u00e1 praticamente 13 anos) <a href=\"https:\/\/www.ticmais.pt\/?page_id=1249\">numa das v\u00e1rias sugest\u00f5es<\/a> que fez \u00e0 C\u00e2mara e Assembleia Municipal de Coruche, sugeria a transmiss\u00e3o online\u00a0 (<a href=\"https:\/\/youtu.be\/CgK4GsRg0ZY\"><strong>e nada melhor do que ver<\/strong><\/a>) das suas reuni\u00f5es p\u00fablicas. Passados estes anos, agora agravado pela situa\u00e7\u00e3o de estado de emerg\u00eancia prolongado e de confinamento, essa pr\u00e1tica de transmiss\u00e3o online, j\u00e1 implementada por <strong><a href=\"https:\/\/www.youtube.com\/watch?v=q01zLXR2jpE\">v\u00e1rios munic\u00edpios<\/a><\/strong> (alguns do distrito de Santar\u00e9m) tornou-se ainda mais evidente e incontorn\u00e1vel.<br \/>\nA t\u00e3o desejada transi\u00e7\u00e3o digital s\u00f3 ter\u00e1 \u00eaxito se os organismos p\u00fablicos com mais responsabilidades forem os primeiros a dar o exemplo.<\/p>\n","protected":false},"excerpt":{"rendered":"<p>O ticMAIS, em 31 de mar\u00e7o de 2008 (h\u00e1 praticamente 13 anos) numa das v\u00e1rias sugest\u00f5es que fez \u00e0 C\u00e2mara e Assembleia Municipal de Coruche, sugeria a transmiss\u00e3o online\u00a0 (e nada melhor do que ver) das suas reuni\u00f5es p\u00fablicas. Passados estes anos, agora agravado pela situa\u00e7\u00e3o de estado de emerg\u00eancia prolongado e de confinamento, essa [&hellip;]<\/p>\n","protected":false},"author":1,"featured_media":0,"comment_status":"closed","ping_status":"closed","sticky":false,"template":"","format":"standard","meta":{"footnotes":""},"categories":[15],"tags":[2,4282,4283,6,654,718,16,1730],"class_list":["post-6656","post","type-post","status-publish","format-standard","hentry","category-tic-mais","tag-antonio-pinheiro-da-costa","tag-assembleia-municipal","tag-camara-municipal","tag-coruche","tag-online","tag-reunioes","tag-ticmais","tag-transmissao"],"_links":{"self":[{"href":"https:\/\/www.ticmais.pt\/index.php?rest_route=\/wp\/v2\/posts\/6656","targetHints":{"allow":["GET"]}}],"collection":[{"href":"https:\/\/www.ticmais.pt\/index.php?rest_route=\/wp\/v2\/posts"}],"about":[{"href":"https:\/\/www.ticmais.pt\/index.php?rest_route=\/wp\/v2\/types\/post"}],"author":[{"embeddable":true,"href":"https:\/\/www.ticmais.pt\/index.php?rest_route=\/wp\/v2\/users\/1"}],"replies":[{"embeddable":true,"href":"https:\/\/www.ticmais.pt\/index.php?rest_route=%2Fwp%2Fv2%2Fcomments&post=6656"}],"version-history":[{"count":0,"href":"https:\/\/www.ticmais.pt\/index.php?rest_route=\/wp\/v2\/posts\/6656\/revisions"}],"wp:attachment":[{"href":"https:\/\/www.ticmais.pt\/index.php?rest_route=%2Fwp%2Fv2%2Fmedia&parent=6656"}],"wp:term":[{"taxonomy":"category","embeddable":true,"href":"https:\/\/www.ticmais.pt\/index.php?rest_route=%2Fwp%2Fv2%2Fcategories&post=6656"},{"taxonomy":"post_tag","embeddable":true,"href":"https:\/\/www.ticmais.pt\/index.php?rest_route=%2Fwp%2Fv2%2Ftags&post=6656"}],"curies":[{"name":"wp","href":"https:\/\/api.w.org\/{rel}","templated":true}]}}