{"id":6672,"date":"2021-03-10T03:04:49","date_gmt":"2021-03-10T02:04:49","guid":{"rendered":"https:\/\/www.ticmais.pt\/?p=6672"},"modified":"2021-03-10T03:05:56","modified_gmt":"2021-03-10T02:05:56","slug":"bruxelas-apresenta-a-bussola-que-vai-guiar-a-transformacao-digital-da-europa-ate-2030","status":"publish","type":"post","link":"https:\/\/www.ticmais.pt\/?p=6672","title":{"rendered":"Bruxelas apresenta a \u201cb\u00fassola\u201d que vai guiar a transforma\u00e7\u00e3o digital da Europa at\u00e9 2030"},"content":{"rendered":"<p><img decoding=\"async\" class=\"alignleft\" src=\"https:\/\/www.ticmais.pt\/ticmais\/imagens\/Bruxelas-apresenta-a-bssola-que-vai-guiar-a-transformao-digital-da-Europa-at-2030.jpg\" \/><\/p>\n<p style=\"text-align: justify;\">Entre os objetivos delineados pela Comiss\u00e3o Europeia para a transforma\u00e7\u00e3o digital da Europa at\u00e9 2030 destacam-se metas como cobertura de todas as \u00e1reas da Uni\u00e3o Europeia por redes 5G, o refor\u00e7o da produ\u00e7\u00e3o europeia de semicondutores, assim como uma maior digitaliza\u00e7\u00e3o dos servi\u00e7os p\u00fablicos de cada Estado-Membro. <a href=\"https:\/\/tek.sapo.pt\/noticias\/artigos\/bruxelas-apresenta-a-bussola-que-vai-guiar-a-transformacao-digital-da-europa-ate-2030\">Mais&#8230;<\/a><\/p>\n","protected":false},"excerpt":{"rendered":"<p>Entre os objetivos delineados pela Comiss\u00e3o Europeia para a transforma\u00e7\u00e3o digital da Europa at\u00e9 2030 destacam-se metas como cobertura de todas as \u00e1reas da Uni\u00e3o Europeia por redes 5G, o refor\u00e7o da produ\u00e7\u00e3o europeia de semicondutores, assim como uma maior digitaliza\u00e7\u00e3o dos servi\u00e7os p\u00fablicos de cada Estado-Membro. Mais&#8230;<\/p>\n","protected":false},"author":1,"featured_media":0,"comment_status":"closed","ping_status":"closed","sticky":false,"template":"","format":"standard","meta":{"footnotes":""},"categories":[15],"tags":[4297,3898,99],"class_list":["post-6672","post","type-post","status-publish","format-standard","hentry","category-tic-mais","tag-metas","tag-transformacao-digital","tag-uniao-europeia"],"_links":{"self":[{"href":"https:\/\/www.ticmais.pt\/index.php?rest_route=\/wp\/v2\/posts\/6672","targetHints":{"allow":["GET"]}}],"collection":[{"href":"https:\/\/www.ticmais.pt\/index.php?rest_route=\/wp\/v2\/posts"}],"about":[{"href":"https:\/\/www.ticmais.pt\/index.php?rest_route=\/wp\/v2\/types\/post"}],"author":[{"embeddable":true,"href":"https:\/\/www.ticmais.pt\/index.php?rest_route=\/wp\/v2\/users\/1"}],"replies":[{"embeddable":true,"href":"https:\/\/www.ticmais.pt\/index.php?rest_route=%2Fwp%2Fv2%2Fcomments&post=6672"}],"version-history":[{"count":0,"href":"https:\/\/www.ticmais.pt\/index.php?rest_route=\/wp\/v2\/posts\/6672\/revisions"}],"wp:attachment":[{"href":"https:\/\/www.ticmais.pt\/index.php?rest_route=%2Fwp%2Fv2%2Fmedia&parent=6672"}],"wp:term":[{"taxonomy":"category","embeddable":true,"href":"https:\/\/www.ticmais.pt\/index.php?rest_route=%2Fwp%2Fv2%2Fcategories&post=6672"},{"taxonomy":"post_tag","embeddable":true,"href":"https:\/\/www.ticmais.pt\/index.php?rest_route=%2Fwp%2Fv2%2Ftags&post=6672"}],"curies":[{"name":"wp","href":"https:\/\/api.w.org\/{rel}","templated":true}]}}