{"id":6682,"date":"2021-04-02T21:53:23","date_gmt":"2021-04-02T20:53:23","guid":{"rendered":"https:\/\/www.ticmais.pt\/?p=6682"},"modified":"2021-04-03T21:55:59","modified_gmt":"2021-04-03T20:55:59","slug":"governo-aprova-lei-das-comunicacoes-eletronicas-que-segue-agora-para-o-parlamento","status":"publish","type":"post","link":"https:\/\/www.ticmais.pt\/?p=6682","title":{"rendered":"Governo aprova Lei das Comunica\u00e7\u00f5es Eletr\u00f3nicas que segue agora para o Parlamento"},"content":{"rendered":"<p><img decoding=\"async\" class=\"alignleft\" src=\"https:\/\/www.ticmais.pt\/ticmais\/imagens\/Governo-aprova-Lei-das-Comunicaes-Eletrnicas-que-segue-agora-para-o-Parlamento.jpg\" \/><\/p>\n<p style=\"text-align: justify;\">Foi ontem aprovada a transposi\u00e7\u00e3o da Diretiva europeia que estabelece o C\u00f3digo Europeu das Comunica\u00e7\u00f5es Eletr\u00f3nicas. A adapta\u00e7\u00e3o da legisla\u00e7\u00e3o ao quadro regulat\u00f3rio portugu\u00eas est\u00e1 atrasada e a Bruxelas j\u00e1 tinha avisado da possibilidade de multar Portugal. <a href=\"https:\/\/tek.sapo.pt\/noticias\/telecomunicacoes\/artigos\/governo-aprova-lei-das-comunicacoes-eletronicas-que-segue-agora-para-o-parlamento\">Mais&#8230;<\/a><\/p>\n","protected":false},"excerpt":{"rendered":"<p>Foi ontem aprovada a transposi\u00e7\u00e3o da Diretiva europeia que estabelece o C\u00f3digo Europeu das Comunica\u00e7\u00f5es Eletr\u00f3nicas. A adapta\u00e7\u00e3o da legisla\u00e7\u00e3o ao quadro regulat\u00f3rio portugu\u00eas est\u00e1 atrasada e a Bruxelas j\u00e1 tinha avisado da possibilidade de multar Portugal. Mais&#8230;<\/p>\n","protected":false},"author":1,"featured_media":0,"comment_status":"closed","ping_status":"closed","sticky":false,"template":"","format":"standard","meta":{"footnotes":""},"categories":[15],"tags":[3495,559,4305,132],"class_list":["post-6682","post","type-post","status-publish","format-standard","hentry","category-tic-mais","tag-diretiva","tag-europa","tag-lei-das-comunicacoes-eletronicas","tag-portugal"],"_links":{"self":[{"href":"https:\/\/www.ticmais.pt\/index.php?rest_route=\/wp\/v2\/posts\/6682","targetHints":{"allow":["GET"]}}],"collection":[{"href":"https:\/\/www.ticmais.pt\/index.php?rest_route=\/wp\/v2\/posts"}],"about":[{"href":"https:\/\/www.ticmais.pt\/index.php?rest_route=\/wp\/v2\/types\/post"}],"author":[{"embeddable":true,"href":"https:\/\/www.ticmais.pt\/index.php?rest_route=\/wp\/v2\/users\/1"}],"replies":[{"embeddable":true,"href":"https:\/\/www.ticmais.pt\/index.php?rest_route=%2Fwp%2Fv2%2Fcomments&post=6682"}],"version-history":[{"count":0,"href":"https:\/\/www.ticmais.pt\/index.php?rest_route=\/wp\/v2\/posts\/6682\/revisions"}],"wp:attachment":[{"href":"https:\/\/www.ticmais.pt\/index.php?rest_route=%2Fwp%2Fv2%2Fmedia&parent=6682"}],"wp:term":[{"taxonomy":"category","embeddable":true,"href":"https:\/\/www.ticmais.pt\/index.php?rest_route=%2Fwp%2Fv2%2Fcategories&post=6682"},{"taxonomy":"post_tag","embeddable":true,"href":"https:\/\/www.ticmais.pt\/index.php?rest_route=%2Fwp%2Fv2%2Ftags&post=6682"}],"curies":[{"name":"wp","href":"https:\/\/api.w.org\/{rel}","templated":true}]}}