{"id":6689,"date":"2021-04-19T20:12:56","date_gmt":"2021-04-19T19:12:56","guid":{"rendered":"https:\/\/www.ticmais.pt\/?p=6689"},"modified":"2021-04-21T02:23:06","modified_gmt":"2021-04-21T01:23:06","slug":"portugal-vai-entrar-nos-carris-vai-ter-um-plano-ferroviario-nacional","status":"publish","type":"post","link":"https:\/\/www.ticmais.pt\/?p=6689","title":{"rendered":"Portugal vai entrar nos carris: vai ter um Plano Ferrovi\u00e1rio Nacional"},"content":{"rendered":"<p><img decoding=\"async\" class=\"alignleft\" src=\"https:\/\/www.ticmais.pt\/ticmais\/imagens\/Portugal-vai-entrar-nos-carris-vai-ter-um-Plano-Ferrovirio-Nacional-2.jpg\" \/><\/p>\n<p style=\"text-align: justify;\">Come\u00e7a esta segunda-feira o trabalho, que vai demorar um ano, de constru\u00e7\u00e3o do Plano Ferrovi\u00e1rio Nacional, revela \u00e0 TSF o ministro Pedro Nuno Santos. <a href=\"https:\/\/www.tsf.pt\/portugal\/economia\/portugal-vai-entrar-nos-carris-vai-ter-um-plano-ferroviario-13585680.html\">Mais&#8230;<\/a><br \/>\n<span style=\"color: #ffffff;\">.<\/span><br \/>\n<strong>Nota ticMAIS:<\/strong> Espera-se que os munic\u00edpios de Coruche, Salvaterra de Magos e Cartaxo voltem \u00e0 carga relativamente \u00e0 revitaliza\u00e7\u00e3o da liga\u00e7\u00e3o ferrovi\u00e1ria de passageiros <a href=\"https:\/\/www.ticmais.pt\/?p=919\">Coruche &#8211; Setil &#8211; Lisboa<\/a>.<\/p>\n","protected":false},"excerpt":{"rendered":"<p>Come\u00e7a esta segunda-feira o trabalho, que vai demorar um ano, de constru\u00e7\u00e3o do Plano Ferrovi\u00e1rio Nacional, revela \u00e0 TSF o ministro Pedro Nuno Santos. Mais&#8230; . Nota ticMAIS: Espera-se que os munic\u00edpios de Coruche, Salvaterra de Magos e Cartaxo voltem \u00e0 carga relativamente \u00e0 revitaliza\u00e7\u00e3o da liga\u00e7\u00e3o ferrovi\u00e1ria de passageiros Coruche &#8211; Setil &#8211; Lisboa.<\/p>\n","protected":false},"author":1,"featured_media":0,"comment_status":"closed","ping_status":"closed","sticky":false,"template":"","format":"standard","meta":{"footnotes":""},"categories":[15],"tags":[4314,1537,6,12,4310,4311,3718,4312,4313],"class_list":["post-6689","post","type-post","status-publish","format-standard","hentry","category-tic-mais","tag-cartaxo","tag-comboios","tag-coruche","tag-municipios","tag-plano-ferroviario-nacional","tag-ramal","tag-salvaterra-de-magos","tag-setil","tag-vendas-novas"],"_links":{"self":[{"href":"https:\/\/www.ticmais.pt\/index.php?rest_route=\/wp\/v2\/posts\/6689","targetHints":{"allow":["GET"]}}],"collection":[{"href":"https:\/\/www.ticmais.pt\/index.php?rest_route=\/wp\/v2\/posts"}],"about":[{"href":"https:\/\/www.ticmais.pt\/index.php?rest_route=\/wp\/v2\/types\/post"}],"author":[{"embeddable":true,"href":"https:\/\/www.ticmais.pt\/index.php?rest_route=\/wp\/v2\/users\/1"}],"replies":[{"embeddable":true,"href":"https:\/\/www.ticmais.pt\/index.php?rest_route=%2Fwp%2Fv2%2Fcomments&post=6689"}],"version-history":[{"count":0,"href":"https:\/\/www.ticmais.pt\/index.php?rest_route=\/wp\/v2\/posts\/6689\/revisions"}],"wp:attachment":[{"href":"https:\/\/www.ticmais.pt\/index.php?rest_route=%2Fwp%2Fv2%2Fmedia&parent=6689"}],"wp:term":[{"taxonomy":"category","embeddable":true,"href":"https:\/\/www.ticmais.pt\/index.php?rest_route=%2Fwp%2Fv2%2Fcategories&post=6689"},{"taxonomy":"post_tag","embeddable":true,"href":"https:\/\/www.ticmais.pt\/index.php?rest_route=%2Fwp%2Fv2%2Ftags&post=6689"}],"curies":[{"name":"wp","href":"https:\/\/api.w.org\/{rel}","templated":true}]}}