{"id":6693,"date":"2021-04-23T01:11:32","date_gmt":"2021-04-23T00:11:32","guid":{"rendered":"https:\/\/www.ticmais.pt\/?p=6693"},"modified":"2021-04-23T01:12:40","modified_gmt":"2021-04-23T00:12:40","slug":"o-panorama-ainda-e-desigual-mas-o-lugar-da-mulher-e-onde-ela-quiser-e-podera-ser-certamente-nas-tic","status":"publish","type":"post","link":"https:\/\/www.ticmais.pt\/?p=6693","title":{"rendered":"O panorama ainda \u00e9 desigual, mas \u201co lugar da mulher \u00e9 onde ela quiser e poder\u00e1 ser certamente nas TIC\u201d"},"content":{"rendered":"<p><img decoding=\"async\" class=\"alignleft\" src=\"https:\/\/www.ticmais.pt\/ticmais\/imagens\/O-panorama-ainda-desigual-mas-o-lugar-da-mulher-onde-ela-quiser-e-poder-ser-certamente-nas-TIC.jpg\" \/><\/p>\n<p style=\"text-align: justify;\">Numa altura em que apenas 21,3% dos estudantes do ensino superior em TIC s\u00e3o mulheres e que menos de 1% do emprego total feminino \u00e9 nestas \u00e1reas, o webinar que deu in\u00edcio \u00e0 Girl in ICT Week deu a conhecer as experi\u00eancias de mulheres que est\u00e3o a quebrar preconceitos e a lutar contra a desigualdade de g\u00e9nero no mundo das tecnologias. <a href=\"https:\/\/tek.sapo.pt\/expert\/artigos\/o-panorama-ainda-e-desigual-mas-o-lugar-da-mulher-e-onde-ela-quiser-e-podera-ser-certamente-nas-tic\">Mais&#8230;<\/a><\/p>\n","protected":false},"excerpt":{"rendered":"<p>Numa altura em que apenas 21,3% dos estudantes do ensino superior em TIC s\u00e3o mulheres e que menos de 1% do emprego total feminino \u00e9 nestas \u00e1reas, o webinar que deu in\u00edcio \u00e0 Girl in ICT Week deu a conhecer as experi\u00eancias de mulheres que est\u00e3o a quebrar preconceitos e a lutar contra a desigualdade [&hellip;]<\/p>\n","protected":false},"author":1,"featured_media":0,"comment_status":"closed","ping_status":"closed","sticky":false,"template":"","format":"standard","meta":{"footnotes":""},"categories":[15],"tags":[4317,2179,363,4228],"class_list":["post-6693","post","type-post","status-publish","format-standard","hentry","category-tic-mais","tag-girl-in-ict-week","tag-mulheres","tag-tic","tag-webinar"],"_links":{"self":[{"href":"https:\/\/www.ticmais.pt\/index.php?rest_route=\/wp\/v2\/posts\/6693","targetHints":{"allow":["GET"]}}],"collection":[{"href":"https:\/\/www.ticmais.pt\/index.php?rest_route=\/wp\/v2\/posts"}],"about":[{"href":"https:\/\/www.ticmais.pt\/index.php?rest_route=\/wp\/v2\/types\/post"}],"author":[{"embeddable":true,"href":"https:\/\/www.ticmais.pt\/index.php?rest_route=\/wp\/v2\/users\/1"}],"replies":[{"embeddable":true,"href":"https:\/\/www.ticmais.pt\/index.php?rest_route=%2Fwp%2Fv2%2Fcomments&post=6693"}],"version-history":[{"count":0,"href":"https:\/\/www.ticmais.pt\/index.php?rest_route=\/wp\/v2\/posts\/6693\/revisions"}],"wp:attachment":[{"href":"https:\/\/www.ticmais.pt\/index.php?rest_route=%2Fwp%2Fv2%2Fmedia&parent=6693"}],"wp:term":[{"taxonomy":"category","embeddable":true,"href":"https:\/\/www.ticmais.pt\/index.php?rest_route=%2Fwp%2Fv2%2Fcategories&post=6693"},{"taxonomy":"post_tag","embeddable":true,"href":"https:\/\/www.ticmais.pt\/index.php?rest_route=%2Fwp%2Fv2%2Ftags&post=6693"}],"curies":[{"name":"wp","href":"https:\/\/api.w.org\/{rel}","templated":true}]}}