{"id":6695,"date":"2021-04-23T15:27:25","date_gmt":"2021-04-23T14:27:25","guid":{"rendered":"https:\/\/www.ticmais.pt\/?p=6695"},"modified":"2021-04-26T15:29:44","modified_gmt":"2021-04-26T14:29:44","slug":"ultrapassar-barreiras-atraves-da-tecnologia-como-a-orcam-esta-a-tornar-a-leitura-mais-inclusiva","status":"publish","type":"post","link":"https:\/\/www.ticmais.pt\/?p=6695","title":{"rendered":"Ultrapassar barreiras atrav\u00e9s da tecnologia: Como a OrCam est\u00e1 a tornar a leitura mais inclusiva"},"content":{"rendered":"<p><img decoding=\"async\" class=\"alignleft\" src=\"https:\/\/www.ticmais.pt\/ticmais\/imagens\/Ultrapassar-barreiras-atravs-da-tecnologia-Como-a-OrCam-est-a-tornar-a-leitura-mais-inclusiva.jpg\" \/><\/p>\n<p style=\"text-align: justify;\">Presentes em 48 pa\u00edses e com suporte a 25 l\u00ednguas diferentes, os equipamentos da OrCam Technologies querem mudar a vida das pessoas com dificuldades e defici\u00eancias visuais. Na data em se assinala o Dia Mundial do Livro, Fabio Rodriguez conta ao SAPO TEK como a empresa est\u00e1 empenhada em tornar o mundo da leitura mais acess\u00edvel. <a href=\"https:\/\/tek.sapo.pt\/noticias\/computadores\/artigos\/ultrapassar-barreiras-atraves-da-tecnologia-como-a-orcam-esta-a-tornar-a-leitura-mais-inclusiva\">Mais&#8230;<\/a><\/p>\n","protected":false},"excerpt":{"rendered":"<p>Presentes em 48 pa\u00edses e com suporte a 25 l\u00ednguas diferentes, os equipamentos da OrCam Technologies querem mudar a vida das pessoas com dificuldades e defici\u00eancias visuais. Na data em se assinala o Dia Mundial do Livro, Fabio Rodriguez conta ao SAPO TEK como a empresa est\u00e1 empenhada em tornar o mundo da leitura mais [&hellip;]<\/p>\n","protected":false},"author":1,"featured_media":0,"comment_status":"closed","ping_status":"closed","sticky":false,"template":"","format":"standard","meta":{"footnotes":""},"categories":[15],"tags":[4319,1254,3872,4318],"class_list":["post-6695","post","type-post","status-publish","format-standard","hentry","category-tic-mais","tag-acessivel","tag-invisuais","tag-leitura","tag-orcam-technologies"],"_links":{"self":[{"href":"https:\/\/www.ticmais.pt\/index.php?rest_route=\/wp\/v2\/posts\/6695","targetHints":{"allow":["GET"]}}],"collection":[{"href":"https:\/\/www.ticmais.pt\/index.php?rest_route=\/wp\/v2\/posts"}],"about":[{"href":"https:\/\/www.ticmais.pt\/index.php?rest_route=\/wp\/v2\/types\/post"}],"author":[{"embeddable":true,"href":"https:\/\/www.ticmais.pt\/index.php?rest_route=\/wp\/v2\/users\/1"}],"replies":[{"embeddable":true,"href":"https:\/\/www.ticmais.pt\/index.php?rest_route=%2Fwp%2Fv2%2Fcomments&post=6695"}],"version-history":[{"count":0,"href":"https:\/\/www.ticmais.pt\/index.php?rest_route=\/wp\/v2\/posts\/6695\/revisions"}],"wp:attachment":[{"href":"https:\/\/www.ticmais.pt\/index.php?rest_route=%2Fwp%2Fv2%2Fmedia&parent=6695"}],"wp:term":[{"taxonomy":"category","embeddable":true,"href":"https:\/\/www.ticmais.pt\/index.php?rest_route=%2Fwp%2Fv2%2Fcategories&post=6695"},{"taxonomy":"post_tag","embeddable":true,"href":"https:\/\/www.ticmais.pt\/index.php?rest_route=%2Fwp%2Fv2%2Ftags&post=6695"}],"curies":[{"name":"wp","href":"https:\/\/api.w.org\/{rel}","templated":true}]}}