{"id":6696,"date":"2021-04-27T16:05:30","date_gmt":"2021-04-27T15:05:30","guid":{"rendered":"https:\/\/www.ticmais.pt\/?p=6696"},"modified":"2021-04-27T16:19:02","modified_gmt":"2021-04-27T15:19:02","slug":"isencao-de-iva-para-compras-fora-da-ue-ate-22-euros-acaba-a-1-de-julho","status":"publish","type":"post","link":"https:\/\/www.ticmais.pt\/?p=6696","title":{"rendered":"Isen\u00e7\u00e3o de IVA para compras fora da UE at\u00e9 22 euros acaba a 1 de julho"},"content":{"rendered":"<p style=\"text-align: justify;\"><img decoding=\"async\" class=\"alignleft\" src=\"https:\/\/www.ticmais.pt\/ticmais\/imagens\/Iseno-de-IVA-para-compras-fora-da-UE-at-22-euros-acaba-a-1-de-julho.jpg\" \/><\/p>\n<p style=\"text-align: justify;\">O novo quadro regulamentar do IVA na UE para o com\u00e9rcio eletr\u00f3nico devia entrar em vigor dia 01 de janeiro de 2021. No entanto, face \u00e0 pandemia provocada pelo no coronav\u00edrus, a Uni\u00e3o Europeia teve de fazer ajustes no calend\u00e1rio e passou para o ver\u00e3o. <a href=\"https:\/\/pplware.sapo.pt\/internet\/isencao-de-iva-para-compras-fora-da-ue-ate-22-euros-acaba-a-1-de-julho\/\">Mais&#8230;<\/a><\/p>\n","protected":false},"excerpt":{"rendered":"<p>O novo quadro regulamentar do IVA na UE para o com\u00e9rcio eletr\u00f3nico devia entrar em vigor dia 01 de janeiro de 2021. No entanto, face \u00e0 pandemia provocada pelo no coronav\u00edrus, a Uni\u00e3o Europeia teve de fazer ajustes no calend\u00e1rio e passou para o ver\u00e3o. Mais&#8230;<\/p>\n","protected":false},"author":1,"featured_media":0,"comment_status":"closed","ping_status":"closed","sticky":false,"template":"","format":"standard","meta":{"footnotes":""},"categories":[15],"tags":[4320,1541,99],"class_list":["post-6696","post","type-post","status-publish","format-standard","hentry","category-tic-mais","tag-fora-da-uniao-europeia","tag-iva","tag-uniao-europeia"],"_links":{"self":[{"href":"https:\/\/www.ticmais.pt\/index.php?rest_route=\/wp\/v2\/posts\/6696","targetHints":{"allow":["GET"]}}],"collection":[{"href":"https:\/\/www.ticmais.pt\/index.php?rest_route=\/wp\/v2\/posts"}],"about":[{"href":"https:\/\/www.ticmais.pt\/index.php?rest_route=\/wp\/v2\/types\/post"}],"author":[{"embeddable":true,"href":"https:\/\/www.ticmais.pt\/index.php?rest_route=\/wp\/v2\/users\/1"}],"replies":[{"embeddable":true,"href":"https:\/\/www.ticmais.pt\/index.php?rest_route=%2Fwp%2Fv2%2Fcomments&post=6696"}],"version-history":[{"count":0,"href":"https:\/\/www.ticmais.pt\/index.php?rest_route=\/wp\/v2\/posts\/6696\/revisions"}],"wp:attachment":[{"href":"https:\/\/www.ticmais.pt\/index.php?rest_route=%2Fwp%2Fv2%2Fmedia&parent=6696"}],"wp:term":[{"taxonomy":"category","embeddable":true,"href":"https:\/\/www.ticmais.pt\/index.php?rest_route=%2Fwp%2Fv2%2Fcategories&post=6696"},{"taxonomy":"post_tag","embeddable":true,"href":"https:\/\/www.ticmais.pt\/index.php?rest_route=%2Fwp%2Fv2%2Ftags&post=6696"}],"curies":[{"name":"wp","href":"https:\/\/api.w.org\/{rel}","templated":true}]}}