{"id":6698,"date":"2021-04-30T18:12:55","date_gmt":"2021-04-30T17:12:55","guid":{"rendered":"https:\/\/www.ticmais.pt\/?p=6698"},"modified":"2021-04-30T18:14:38","modified_gmt":"2021-04-30T17:14:38","slug":"sete-concelhos-arriscam-recuar-no-desconfinamento-ja-na-proxima-semana-veja-no-mapa-como-esta-o-seu","status":"publish","type":"post","link":"https:\/\/www.ticmais.pt\/?p=6698","title":{"rendered":"Sete concelhos arriscam recuar no desconfinamento j\u00e1 na pr\u00f3xima semana. Veja no mapa como est\u00e1 o seu"},"content":{"rendered":"<p><img decoding=\"async\" class=\"alignleft\" src=\"https:\/\/www.ticmais.pt\/ticmais\/imagens\/Sete-concelhos-arriscam-recuar-no-desconfinamento-j-na-prxima-semana.-Veja-no-mapa-como-est-o-seu.jpg\" \/><\/p>\n<p style=\"text-align: justify;\">Sete concelhos de Portugal continental encontram-se em risco de dar um passo atr\u00e1s no processo de desconfinamento j\u00e1 na pr\u00f3ximas semana. Tamb\u00e9m Odemira supera o limite de 240 casos por 100 mil habitantes, mas as duas freguesias que concentram a maioria dos casos j\u00e1 recuaram para as regras de 15 de mar\u00e7o e v\u00e3o ter cercas sanit\u00e1rias. Veja no mapa como est\u00e1 o seu concelho. <a href=\"https:\/\/www.jornaldenegocios.pt\/economia\/coronavirus\/detalhe\/sete-concelhos-arriscam-recuar-no-desconfinamento-ja-na-proxima-semana-veja-no-mapa-como-esta-o-seu\">Mais&#8230;<\/a><\/p>\n","protected":false},"excerpt":{"rendered":"<p>Sete concelhos de Portugal continental encontram-se em risco de dar um passo atr\u00e1s no processo de desconfinamento j\u00e1 na pr\u00f3ximas semana. Tamb\u00e9m Odemira supera o limite de 240 casos por 100 mil habitantes, mas as duas freguesias que concentram a maioria dos casos j\u00e1 recuaram para as regras de 15 de mar\u00e7o e v\u00e3o ter [&hellip;]<\/p>\n","protected":false},"author":1,"featured_media":0,"comment_status":"closed","ping_status":"closed","sticky":false,"template":"","format":"standard","meta":{"footnotes":""},"categories":[15],"tags":[2761,6,3848,4321],"class_list":["post-6698","post","type-post","status-publish","format-standard","hentry","category-tic-mais","tag-concelhos","tag-coruche","tag-covid-19","tag-desconfinamento"],"_links":{"self":[{"href":"https:\/\/www.ticmais.pt\/index.php?rest_route=\/wp\/v2\/posts\/6698","targetHints":{"allow":["GET"]}}],"collection":[{"href":"https:\/\/www.ticmais.pt\/index.php?rest_route=\/wp\/v2\/posts"}],"about":[{"href":"https:\/\/www.ticmais.pt\/index.php?rest_route=\/wp\/v2\/types\/post"}],"author":[{"embeddable":true,"href":"https:\/\/www.ticmais.pt\/index.php?rest_route=\/wp\/v2\/users\/1"}],"replies":[{"embeddable":true,"href":"https:\/\/www.ticmais.pt\/index.php?rest_route=%2Fwp%2Fv2%2Fcomments&post=6698"}],"version-history":[{"count":0,"href":"https:\/\/www.ticmais.pt\/index.php?rest_route=\/wp\/v2\/posts\/6698\/revisions"}],"wp:attachment":[{"href":"https:\/\/www.ticmais.pt\/index.php?rest_route=%2Fwp%2Fv2%2Fmedia&parent=6698"}],"wp:term":[{"taxonomy":"category","embeddable":true,"href":"https:\/\/www.ticmais.pt\/index.php?rest_route=%2Fwp%2Fv2%2Fcategories&post=6698"},{"taxonomy":"post_tag","embeddable":true,"href":"https:\/\/www.ticmais.pt\/index.php?rest_route=%2Fwp%2Fv2%2Ftags&post=6698"}],"curies":[{"name":"wp","href":"https:\/\/api.w.org\/{rel}","templated":true}]}}