{"id":6699,"date":"2021-05-01T10:48:07","date_gmt":"2021-05-01T09:48:07","guid":{"rendered":"https:\/\/www.ticmais.pt\/?p=6699"},"modified":"2021-05-01T10:48:22","modified_gmt":"2021-05-01T09:48:22","slug":"portugal-e-3-o-pais-da-ue-com-mais-trabalhadores-acima-dos-64-anos","status":"publish","type":"post","link":"https:\/\/www.ticmais.pt\/?p=6699","title":{"rendered":"Portugal \u00e9 3.\u00ba pa\u00eds da UE com mais trabalhadores acima dos 64 anos"},"content":{"rendered":"<p><img decoding=\"async\" class=\"alignleft\" src=\"https:\/\/www.ticmais.pt\/ticmais\/imagens\/Portugal-3.-pas-da-UE-com-mais-trabalhadores-acima-dos-64-anos.jpg\" \/><\/p>\n<p style=\"text-align: justify;\">Portugal \u00e9 o terceiro pa\u00eds da Uni\u00e3o Europeia (UE) com a maior percentagem de pessoas acima dos 64 anos no mercado de trabalho, segundo um documento divulgado este s\u00e1bado pela Pordata para assinalar o Dia do Trabalhador. <a href=\"https:\/\/www.msn.com\/pt-pt\/noticias\/portugal\/portugal-%C3%A9-3-%C2%BA-pa%C3%ADs-da-ue-com-mais-trabalhadores-acima-dos-64-anos\/ar-BB1geXKw?ocid=msedgntp\">Mais&#8230;<\/a><\/p>\n","protected":false},"excerpt":{"rendered":"<p>Portugal \u00e9 o terceiro pa\u00eds da Uni\u00e3o Europeia (UE) com a maior percentagem de pessoas acima dos 64 anos no mercado de trabalho, segundo um documento divulgado este s\u00e1bado pela Pordata para assinalar o Dia do Trabalhador. Mais&#8230;<\/p>\n","protected":false},"author":1,"featured_media":0,"comment_status":"closed","ping_status":"closed","sticky":false,"template":"","format":"standard","meta":{"footnotes":""},"categories":[15],"tags":[134,2333,1494,608,99],"class_list":["post-6699","post","type-post","status-publish","format-standard","hentry","category-tic-mais","tag-emprego","tag-estudo","tag-pordata","tag-trabalho","tag-uniao-europeia"],"_links":{"self":[{"href":"https:\/\/www.ticmais.pt\/index.php?rest_route=\/wp\/v2\/posts\/6699","targetHints":{"allow":["GET"]}}],"collection":[{"href":"https:\/\/www.ticmais.pt\/index.php?rest_route=\/wp\/v2\/posts"}],"about":[{"href":"https:\/\/www.ticmais.pt\/index.php?rest_route=\/wp\/v2\/types\/post"}],"author":[{"embeddable":true,"href":"https:\/\/www.ticmais.pt\/index.php?rest_route=\/wp\/v2\/users\/1"}],"replies":[{"embeddable":true,"href":"https:\/\/www.ticmais.pt\/index.php?rest_route=%2Fwp%2Fv2%2Fcomments&post=6699"}],"version-history":[{"count":0,"href":"https:\/\/www.ticmais.pt\/index.php?rest_route=\/wp\/v2\/posts\/6699\/revisions"}],"wp:attachment":[{"href":"https:\/\/www.ticmais.pt\/index.php?rest_route=%2Fwp%2Fv2%2Fmedia&parent=6699"}],"wp:term":[{"taxonomy":"category","embeddable":true,"href":"https:\/\/www.ticmais.pt\/index.php?rest_route=%2Fwp%2Fv2%2Fcategories&post=6699"},{"taxonomy":"post_tag","embeddable":true,"href":"https:\/\/www.ticmais.pt\/index.php?rest_route=%2Fwp%2Fv2%2Ftags&post=6699"}],"curies":[{"name":"wp","href":"https:\/\/api.w.org\/{rel}","templated":true}]}}