{"id":6702,"date":"2021-05-07T02:52:00","date_gmt":"2021-05-07T01:52:00","guid":{"rendered":"https:\/\/www.ticmais.pt\/?p=6702"},"modified":"2021-05-07T02:53:46","modified_gmt":"2021-05-07T01:53:46","slug":"procura-nao-sustentavel-por-metais-e-minerais-raros-atrasa-o-progresso-na-luta-contra-alteracoes-climaticas","status":"publish","type":"post","link":"https:\/\/www.ticmais.pt\/?p=6702","title":{"rendered":"Procura n\u00e3o sustent\u00e1vel por metais e minerais raros atrasa o progresso na luta contra altera\u00e7\u00f5es clim\u00e1ticas"},"content":{"rendered":"<p><img decoding=\"async\" class=\"alignleft\" src=\"https:\/\/www.ticmais.pt\/ticmais\/imagens\/Procura-no-sustentvel-por-metais-e-minerais-raros-atrasa-o-progresso-na-luta-contra-alteraes-climticas.jpg\" \/><\/p>\n<p style=\"text-align: justify;\">\u00c0 medida que o mundo procura cada vez mais por tecnologias baseadas em energias \u201cverdes\u201d, um novo relat\u00f3rio da Ag\u00eancia Internacional da Energia d\u00e1 a conhecer que h\u00e1 uma incompatibilidade entre as fortes ambi\u00e7\u00f5es clim\u00e1ticas e a disponibilidade de metais como n\u00edquel, cobalto ou l\u00edtio e minerais cr\u00edticos. <a href=\"https:\/\/tek.sapo.pt\/noticias\/ciencia\/artigos\/procura-nao-sustentavel-por-metais-e-minerais-raros-atrasa-o-progresso-na-luta-contra-alteracoes-climaticas\">Mais&#8230;<\/a><\/p>\n","protected":false},"excerpt":{"rendered":"<p>\u00c0 medida que o mundo procura cada vez mais por tecnologias baseadas em energias \u201cverdes\u201d, um novo relat\u00f3rio da Ag\u00eancia Internacional da Energia d\u00e1 a conhecer que h\u00e1 uma incompatibilidade entre as fortes ambi\u00e7\u00f5es clim\u00e1ticas e a disponibilidade de metais como n\u00edquel, cobalto ou l\u00edtio e minerais cr\u00edticos. Mais&#8230;<\/p>\n","protected":false},"author":1,"featured_media":0,"comment_status":"closed","ping_status":"closed","sticky":false,"template":"","format":"standard","meta":{"footnotes":""},"categories":[15],"tags":[4326,24,4323,4324,524,4325,717,2662],"class_list":["post-6702","post","type-post","status-publish","format-standard","hentry","category-tic-mais","tag-agencia-internacional-da-energia","tag-ambiente","tag-metais","tag-minerais","tag-planeta","tag-raros","tag-relatorio","tag-sustentabilidade"],"_links":{"self":[{"href":"https:\/\/www.ticmais.pt\/index.php?rest_route=\/wp\/v2\/posts\/6702","targetHints":{"allow":["GET"]}}],"collection":[{"href":"https:\/\/www.ticmais.pt\/index.php?rest_route=\/wp\/v2\/posts"}],"about":[{"href":"https:\/\/www.ticmais.pt\/index.php?rest_route=\/wp\/v2\/types\/post"}],"author":[{"embeddable":true,"href":"https:\/\/www.ticmais.pt\/index.php?rest_route=\/wp\/v2\/users\/1"}],"replies":[{"embeddable":true,"href":"https:\/\/www.ticmais.pt\/index.php?rest_route=%2Fwp%2Fv2%2Fcomments&post=6702"}],"version-history":[{"count":0,"href":"https:\/\/www.ticmais.pt\/index.php?rest_route=\/wp\/v2\/posts\/6702\/revisions"}],"wp:attachment":[{"href":"https:\/\/www.ticmais.pt\/index.php?rest_route=%2Fwp%2Fv2%2Fmedia&parent=6702"}],"wp:term":[{"taxonomy":"category","embeddable":true,"href":"https:\/\/www.ticmais.pt\/index.php?rest_route=%2Fwp%2Fv2%2Fcategories&post=6702"},{"taxonomy":"post_tag","embeddable":true,"href":"https:\/\/www.ticmais.pt\/index.php?rest_route=%2Fwp%2Fv2%2Ftags&post=6702"}],"curies":[{"name":"wp","href":"https:\/\/api.w.org\/{rel}","templated":true}]}}