{"id":6703,"date":"2021-05-07T02:59:10","date_gmt":"2021-05-07T01:59:10","guid":{"rendered":"https:\/\/www.ticmais.pt\/?p=6703"},"modified":"2021-05-07T03:00:31","modified_gmt":"2021-05-07T02:00:31","slug":"mais-digitalizacao-do-estado-o-grande-desafio-e-conseguir-mais-integracao-de-dados-e-servicos","status":"publish","type":"post","link":"https:\/\/www.ticmais.pt\/?p=6703","title":{"rendered":"Mais digitaliza\u00e7\u00e3o do Estado? O grande desafio \u00e9 conseguir mais integra\u00e7\u00e3o de dados e servi\u00e7os"},"content":{"rendered":"<p><img decoding=\"async\" class=\"alignleft\" src=\"https:\/\/www.ticmais.pt\/ticmais\/imagens\/Mais-digitalizao-do-Estado-O-grande-desafio-conseguir-mais-integrao-de-dados-e-servios.jpg\" \/><\/p>\n<p style=\"text-align: justify;\">O Plano de A\u00e7\u00e3o para a Transi\u00e7\u00e3o Digital prev\u00ea a digitaliza\u00e7\u00e3o dos 25 servi\u00e7os mais utilizados pelos cidad\u00e3os e empresas, mas h\u00e1 ainda obst\u00e1culos a ultrapassar e algumas \u201cqueixas\u201d sobre obst\u00e1culos, que foram deixadas pelos secret\u00e1rios de Estado das v\u00e1rias tutelas no F\u00f3rum Portugal Digital. <a href=\"https:\/\/tek.sapo.pt\/noticias\/negocios\/artigos\/mais-digitalizacao-do-estado-o-grande-desafio-e-conseguir-mais-integracao-de-dados-e-servicos\">Mais&#8230;<\/a><\/p>\n","protected":false},"excerpt":{"rendered":"<p>O Plano de A\u00e7\u00e3o para a Transi\u00e7\u00e3o Digital prev\u00ea a digitaliza\u00e7\u00e3o dos 25 servi\u00e7os mais utilizados pelos cidad\u00e3os e empresas, mas h\u00e1 ainda obst\u00e1culos a ultrapassar e algumas \u201cqueixas\u201d sobre obst\u00e1culos, que foram deixadas pelos secret\u00e1rios de Estado das v\u00e1rias tutelas no F\u00f3rum Portugal Digital. Mais&#8230;<\/p>\n","protected":false},"author":1,"featured_media":0,"comment_status":"closed","ping_status":"closed","sticky":false,"template":"","format":"standard","meta":{"footnotes":""},"categories":[15],"tags":[564,4327,3858],"class_list":["post-6703","post","type-post","status-publish","format-standard","hentry","category-tic-mais","tag-administracao-publica","tag-forum-portugal-digital","tag-plano-de-acao-para-a-transicao-digital"],"_links":{"self":[{"href":"https:\/\/www.ticmais.pt\/index.php?rest_route=\/wp\/v2\/posts\/6703","targetHints":{"allow":["GET"]}}],"collection":[{"href":"https:\/\/www.ticmais.pt\/index.php?rest_route=\/wp\/v2\/posts"}],"about":[{"href":"https:\/\/www.ticmais.pt\/index.php?rest_route=\/wp\/v2\/types\/post"}],"author":[{"embeddable":true,"href":"https:\/\/www.ticmais.pt\/index.php?rest_route=\/wp\/v2\/users\/1"}],"replies":[{"embeddable":true,"href":"https:\/\/www.ticmais.pt\/index.php?rest_route=%2Fwp%2Fv2%2Fcomments&post=6703"}],"version-history":[{"count":0,"href":"https:\/\/www.ticmais.pt\/index.php?rest_route=\/wp\/v2\/posts\/6703\/revisions"}],"wp:attachment":[{"href":"https:\/\/www.ticmais.pt\/index.php?rest_route=%2Fwp%2Fv2%2Fmedia&parent=6703"}],"wp:term":[{"taxonomy":"category","embeddable":true,"href":"https:\/\/www.ticmais.pt\/index.php?rest_route=%2Fwp%2Fv2%2Fcategories&post=6703"},{"taxonomy":"post_tag","embeddable":true,"href":"https:\/\/www.ticmais.pt\/index.php?rest_route=%2Fwp%2Fv2%2Ftags&post=6703"}],"curies":[{"name":"wp","href":"https:\/\/api.w.org\/{rel}","templated":true}]}}