{"id":6709,"date":"2021-05-25T20:05:47","date_gmt":"2021-05-25T19:05:47","guid":{"rendered":"https:\/\/www.ticmais.pt\/?p=6709"},"modified":"2021-05-25T20:05:47","modified_gmt":"2021-05-25T19:05:47","slug":"rgpd-3-anos-depois-o-regulamento-de-protecao-de-dados-ainda-esta-longe-de-atingir-os-efeitos-desejados","status":"publish","type":"post","link":"https:\/\/www.ticmais.pt\/?p=6709","title":{"rendered":"RGPD: 3 anos depois o regulamento de prote\u00e7\u00e3o de dados ainda est\u00e1 longe de atingir os efeitos desejados"},"content":{"rendered":"<p><img decoding=\"async\" class=\"alignleft\" src=\"https:\/\/www.ticmais.pt\/ticmais\/imagens\/RGPD-3-anos-depois-o-regulamento-de-proteo-de-dados-ainda-est-longe-de-atingir-os-efeitos-desejados.jpg\" \/><\/p>\n<p style=\"text-align: justify;\">Os meses que antecederam a aplica\u00e7\u00e3o do Regulamento Geral de Prote\u00e7\u00e3o de Dados trouxeram algum p\u00e2nico e frenesim das organiza\u00e7\u00f5es que temiam as multas elevadas por viola\u00e7\u00e3o das regras, mas a falta de casos mais medi\u00e1ticos levou a algum \u201crelaxamento\u201d. E mesmo o pai do RGPD j\u00e1 pede mudan\u00e7as na lei. <a href=\"https:\/\/tek.sapo.pt\/noticias\/internet\/artigos\/rgpd-3-anos-depois-o-regulamento-de-protecao-de-dados-ainda-esta-longe-de-atingir-os-efeitos-desejados\">Mais&#8230;<\/a><\/p>\n","protected":false},"excerpt":{"rendered":"<p>Os meses que antecederam a aplica\u00e7\u00e3o do Regulamento Geral de Prote\u00e7\u00e3o de Dados trouxeram algum p\u00e2nico e frenesim das organiza\u00e7\u00f5es que temiam as multas elevadas por viola\u00e7\u00e3o das regras, mas a falta de casos mais medi\u00e1ticos levou a algum \u201crelaxamento\u201d. E mesmo o pai do RGPD j\u00e1 pede mudan\u00e7as na lei. Mais&#8230;<\/p>\n","protected":false},"author":1,"featured_media":0,"comment_status":"closed","ping_status":"closed","sticky":false,"template":"","format":"standard","meta":{"footnotes":""},"categories":[15],"tags":[3684,3472],"class_list":["post-6709","post","type-post","status-publish","format-standard","hentry","category-tic-mais","tag-protecao-de-dados","tag-rgpd"],"_links":{"self":[{"href":"https:\/\/www.ticmais.pt\/index.php?rest_route=\/wp\/v2\/posts\/6709","targetHints":{"allow":["GET"]}}],"collection":[{"href":"https:\/\/www.ticmais.pt\/index.php?rest_route=\/wp\/v2\/posts"}],"about":[{"href":"https:\/\/www.ticmais.pt\/index.php?rest_route=\/wp\/v2\/types\/post"}],"author":[{"embeddable":true,"href":"https:\/\/www.ticmais.pt\/index.php?rest_route=\/wp\/v2\/users\/1"}],"replies":[{"embeddable":true,"href":"https:\/\/www.ticmais.pt\/index.php?rest_route=%2Fwp%2Fv2%2Fcomments&post=6709"}],"version-history":[{"count":0,"href":"https:\/\/www.ticmais.pt\/index.php?rest_route=\/wp\/v2\/posts\/6709\/revisions"}],"wp:attachment":[{"href":"https:\/\/www.ticmais.pt\/index.php?rest_route=%2Fwp%2Fv2%2Fmedia&parent=6709"}],"wp:term":[{"taxonomy":"category","embeddable":true,"href":"https:\/\/www.ticmais.pt\/index.php?rest_route=%2Fwp%2Fv2%2Fcategories&post=6709"},{"taxonomy":"post_tag","embeddable":true,"href":"https:\/\/www.ticmais.pt\/index.php?rest_route=%2Fwp%2Fv2%2Ftags&post=6709"}],"curies":[{"name":"wp","href":"https:\/\/api.w.org\/{rel}","templated":true}]}}