{"id":6716,"date":"2021-06-16T23:46:52","date_gmt":"2021-06-16T22:46:52","guid":{"rendered":"https:\/\/www.ticmais.pt\/?p=6716"},"modified":"2021-06-17T00:47:59","modified_gmt":"2021-06-16T23:47:59","slug":"anacom-defende-que-precos-das-comunicacoes-em-portugal-sao-muito-mais-elevados-que-no-resto-da-ue","status":"publish","type":"post","link":"https:\/\/www.ticmais.pt\/?p=6716","title":{"rendered":"Anacom defende que pre\u00e7os das comunica\u00e7\u00f5es em Portugal &#8220;s\u00e3o muito mais elevados que no resto&#8221; da UE"},"content":{"rendered":"<p><img decoding=\"async\" class=\"alignleft\" src=\"https:\/\/www.ticmais.pt\/ticmais\/imagens\/Anacom-defende-que-preos-das-comunicaes-em-Portugal-so-muito-mais-elevados-que-no-resto-da-UE.jpg\" \/><\/p>\n<p style=\"text-align: justify;\">Jo\u00e3o Cadete de Matos, presidente da Anacom, defendeu hoje na comiss\u00e3o parlamentar de Economia, Inova\u00e7\u00e3o, Obras P\u00fablicas e Habita\u00e7\u00e3o que considera &#8220;incompreens\u00edvel&#8221; a controv\u00e9rsia em volta dos pre\u00e7os das comunica\u00e7\u00f5es eletr\u00f3nicas em Portugal, que afirma serem mais altos do que no resto na Uni\u00e3o Europeia. <a href=\"https:\/\/tek.sapo.pt\/noticias\/telecomunicacoes\/artigos\/anacom-defende-que-precos-das-comunicacoes-em-portugal-sao-muito-mais-elevados-que-no-resto-da-ue\">Mais&#8230;<\/a><\/p>\n","protected":false},"excerpt":{"rendered":"<p>Jo\u00e3o Cadete de Matos, presidente da Anacom, defendeu hoje na comiss\u00e3o parlamentar de Economia, Inova\u00e7\u00e3o, Obras P\u00fablicas e Habita\u00e7\u00e3o que considera &#8220;incompreens\u00edvel&#8221; a controv\u00e9rsia em volta dos pre\u00e7os das comunica\u00e7\u00f5es eletr\u00f3nicas em Portugal, que afirma serem mais altos do que no resto na Uni\u00e3o Europeia. Mais&#8230;<\/p>\n","protected":false},"author":1,"featured_media":0,"comment_status":"closed","ping_status":"closed","sticky":false,"template":"","format":"standard","meta":{"footnotes":""},"categories":[15],"tags":[413,924,1103,132,265],"class_list":["post-6716","post","type-post","status-publish","format-standard","hentry","category-tic-mais","tag-anacom","tag-comunicacoes","tag-parlamento","tag-portugal","tag-precos"],"_links":{"self":[{"href":"https:\/\/www.ticmais.pt\/index.php?rest_route=\/wp\/v2\/posts\/6716","targetHints":{"allow":["GET"]}}],"collection":[{"href":"https:\/\/www.ticmais.pt\/index.php?rest_route=\/wp\/v2\/posts"}],"about":[{"href":"https:\/\/www.ticmais.pt\/index.php?rest_route=\/wp\/v2\/types\/post"}],"author":[{"embeddable":true,"href":"https:\/\/www.ticmais.pt\/index.php?rest_route=\/wp\/v2\/users\/1"}],"replies":[{"embeddable":true,"href":"https:\/\/www.ticmais.pt\/index.php?rest_route=%2Fwp%2Fv2%2Fcomments&post=6716"}],"version-history":[{"count":0,"href":"https:\/\/www.ticmais.pt\/index.php?rest_route=\/wp\/v2\/posts\/6716\/revisions"}],"wp:attachment":[{"href":"https:\/\/www.ticmais.pt\/index.php?rest_route=%2Fwp%2Fv2%2Fmedia&parent=6716"}],"wp:term":[{"taxonomy":"category","embeddable":true,"href":"https:\/\/www.ticmais.pt\/index.php?rest_route=%2Fwp%2Fv2%2Fcategories&post=6716"},{"taxonomy":"post_tag","embeddable":true,"href":"https:\/\/www.ticmais.pt\/index.php?rest_route=%2Fwp%2Fv2%2Ftags&post=6716"}],"curies":[{"name":"wp","href":"https:\/\/api.w.org\/{rel}","templated":true}]}}