{"id":6728,"date":"2021-07-26T23:24:43","date_gmt":"2021-07-26T22:24:43","guid":{"rendered":"https:\/\/www.ticmais.pt\/?p=6728"},"modified":"2021-07-26T23:27:01","modified_gmt":"2021-07-26T22:27:01","slug":"portugal-liga-se-a-rede-europeia-geant-atraves-de-fibra-e-o-primeiro-pais-com-esta-ligacao-dedicada-a-investigacao","status":"publish","type":"post","link":"https:\/\/www.ticmais.pt\/?p=6728","title":{"rendered":"Portugal liga-se \u00e0 rede europeia G\u00c9ANT atrav\u00e9s de fibra: \u00e9 o primeiro pa\u00eds com esta liga\u00e7\u00e3o dedicada \u00e0 investiga\u00e7\u00e3o"},"content":{"rendered":"<p><img decoding=\"async\" class=\"alignleft\" src=\"https:\/\/www.ticmais.pt\/ticmais\/imagens\/Portugal-liga-se-rede-europeia-GANT-atravs-de-fibra-o-primeiro-pas-com-esta-ligao-dedicada-investigao.jpg\" \/><\/p>\n<p style=\"text-align: justify;\">Investiga\u00e7\u00e3o e ensino nacional passam a estar ligados \u00e0 rede europeia atrav\u00e9s de fibra, numa ativa\u00e7\u00e3o feita entre o Porto e Bilbao, no \u00e2mbito do projeto G\u00c9ANT. A rede de investiga\u00e7\u00e3o portuguesa v\u00ea assim aumentada a sua flexibilidade e redund\u00e2ncia. <a href=\"https:\/\/tek.sapo.pt\/noticias\/telecomunicacoes\/artigos\/portugal-liga-se-a-rede-europeia-geant-atraves-de-fibra-e-o-primeiro-pais-com-esta-ligacao-dedicada-a-investigacao\">Mais&#8230;<\/a><\/p>\n","protected":false},"excerpt":{"rendered":"<p>Investiga\u00e7\u00e3o e ensino nacional passam a estar ligados \u00e0 rede europeia atrav\u00e9s de fibra, numa ativa\u00e7\u00e3o feita entre o Porto e Bilbao, no \u00e2mbito do projeto G\u00c9ANT. A rede de investiga\u00e7\u00e3o portuguesa v\u00ea assim aumentada a sua flexibilidade e redund\u00e2ncia. Mais&#8230;<\/p>\n","protected":false},"author":1,"featured_media":0,"comment_status":"closed","ping_status":"closed","sticky":false,"template":"","format":"standard","meta":{"footnotes":""},"categories":[15],"tags":[20,4350,255,132,4351],"class_list":["post-6728","post","type-post","status-publish","format-standard","hentry","category-tic-mais","tag-ensino","tag-geant","tag-investigacao","tag-portugal","tag-rede-europeia"],"_links":{"self":[{"href":"https:\/\/www.ticmais.pt\/index.php?rest_route=\/wp\/v2\/posts\/6728","targetHints":{"allow":["GET"]}}],"collection":[{"href":"https:\/\/www.ticmais.pt\/index.php?rest_route=\/wp\/v2\/posts"}],"about":[{"href":"https:\/\/www.ticmais.pt\/index.php?rest_route=\/wp\/v2\/types\/post"}],"author":[{"embeddable":true,"href":"https:\/\/www.ticmais.pt\/index.php?rest_route=\/wp\/v2\/users\/1"}],"replies":[{"embeddable":true,"href":"https:\/\/www.ticmais.pt\/index.php?rest_route=%2Fwp%2Fv2%2Fcomments&post=6728"}],"version-history":[{"count":0,"href":"https:\/\/www.ticmais.pt\/index.php?rest_route=\/wp\/v2\/posts\/6728\/revisions"}],"wp:attachment":[{"href":"https:\/\/www.ticmais.pt\/index.php?rest_route=%2Fwp%2Fv2%2Fmedia&parent=6728"}],"wp:term":[{"taxonomy":"category","embeddable":true,"href":"https:\/\/www.ticmais.pt\/index.php?rest_route=%2Fwp%2Fv2%2Fcategories&post=6728"},{"taxonomy":"post_tag","embeddable":true,"href":"https:\/\/www.ticmais.pt\/index.php?rest_route=%2Fwp%2Fv2%2Ftags&post=6728"}],"curies":[{"name":"wp","href":"https:\/\/api.w.org\/{rel}","templated":true}]}}